{"id":129413,"date":"2025-09-21T11:12:13","date_gmt":"2025-09-21T11:12:13","guid":{"rendered":"https:\/\/www.europesays.com\/es\/129413\/"},"modified":"2025-09-21T11:12:13","modified_gmt":"2025-09-21T11:12:13","slug":"piensa-que-es-el-norte-de-castilla","status":"publish","type":"post","link":"https:\/\/www.europesays.com\/es\/129413\/","title":{"rendered":"Piensa que es&#8230; | El Norte de Castilla"},"content":{"rendered":"<p>De vez en cuando los medios de comunicaci\u00f3n se entretienen en completar tiempo, im\u00e1genes y espacio con algunas noticias que permiten ofrecer una cuota de  &#8230; protagonismo a quienes desde la aparente inocencia de mensaje con textura lanar esconden la dolosa finalidad de hincar el colmillo de la manipulaci\u00f3n m\u00e1s aborrecible, la que ofrece sus (pseudo)argumentos con el patrocinio involuntario de la infancia. Los ni\u00f1os, usufructuados vilmente como gancho para que sus comunicados capten la atenci\u00f3n del ciudadano.<\/p>\n<p class=\"v-p\">As\u00ed, todo lo que la <a href=\"https:\/\/www.elnortedecastilla.es\/valladolid\/piden-investigue-ayuntamiento-alentar-presencia-menores-toros-20240415114546-nt.html\" data-voc-vtm-id=\"in-text-traffic\" title=\"Fundaci\u00f3n Franz Weber \" data-mrf-link=\"www.elnortedecastilla.es\" rel=\"nofollow noopener\" target=\"_blank\">Fundaci\u00f3n Franz Weber <\/a>denuncia\u2026 <\/p>\n<p class=\"v-p\">Esta entidad vio la luz en Suiza. En 1975. El origen geogr\u00e1fico evitar exponer razones por las que es notorio que anda muy bien de pasta. La pista del dinero ahorra mucho tiempo en b\u00fasquedas, ya innecesarias. Fallecido su creador, ahora la cabeza organizativa la ostenta su hija, Vera.<\/p>\n<p class=\"v-p\">Si en Espa\u00f1a quien lleva la voz cantante es miembro de Podemos y el director el argentino <a href=\"https:\/\/www.elnortedecastilla.es\/valladolid\/201412\/18\/tauromaquia-desmorona-poco-poco-20141215095833.html\" data-voc-vtm-id=\"in-text-traffic\" title=\"Leonardo Anselmi\" data-mrf-link=\"www.elnortedecastilla.es\" rel=\"nofollow noopener\" target=\"_blank\">Leonardo Anselmi<\/a>, uno de los ide\u00f3logos del supremacista y secesionista &#8216;proc\u00e9s&#8217; catal\u00e1n, e impulsor de la normativa \u2013declarada inconstitucional posteriormente- que prohib\u00eda los toros en la regi\u00f3n catalana, no cabe dudar sobre su poco equilibrada y objetiva opini\u00f3n sobre la tauromaquia.<\/p>\n<p class=\"v-p\">Ya nos advirti\u00f3 Ortega y Gasset. Los toros son un elemento sustancial para advertir qu\u00e9 tiempos hist\u00f3ricos y pol\u00edticos corren por este Reino. Precisamente porque, como espect\u00e1culo poli\u00e9drico en su comprensi\u00f3n t\u00e9cnica, social y \u00e9tica, impulsa a ocupar posiciones. Favorables, contrarias e indiferentes. En su d\u00eda la Iglesia se opuso a los festejos con toros. Por el riesgo de las personas. <\/p>\n<p class=\"v-p\">Lo \u00faltimo que he le\u00eddo en un peri\u00f3dico es que la Fundaci\u00f3n ha denunciado un grito que se escuch\u00f3 en la plaza de toros de Valladolid, cuando el torero se perfilaba para matar al toro: \u00abPiensa que es Pedro S\u00e1nchez\u00bb. Yo, como casi todos, lo escuch\u00e9 con claridad.<\/p>\n<p class=\"v-p\">Al escucharlo mir\u00e9 al toro. Lo mir\u00e9 fijamente. Hab\u00eda luchado con nobleza, con generosa entrega, sin prostituir su dign\u00edsimo linaje gen\u00e9tico\u2026 Y afrontaba su final con la entereza de quien ha vivido con fidelidad a un destino que lo ha elevado m\u00e1s all\u00e1 de una mera existencia biol\u00f3gica. Imposible pensar que era Pedro S\u00e1nchez.<\/p>\n<p class=\"v-p\">Finalmente, me fij\u00e9 en los cuernos del astado. \u00abPiensa que es\u2026\u00bb volv\u00ed a escuchar, ahora ya solo como un eco interior; pero no, no creo que Bego\u00f1a\u2026 La catedr\u00e1tica es fiel a su doctor, seguro, me dije.<\/p>\n<p class=\"v-p\">Sea como fuere, pensemos con libertad. Y no solo porque el pensamiento no delinque, sino porque de modo no inusual ni siquiera somos su due\u00f1o.<\/p>\n","protected":false},"excerpt":{"rendered":"De vez en cuando los medios de comunicaci\u00f3n se entretienen en completar tiempo, im\u00e1genes y espacio con algunas&hellip;\n","protected":false},"author":2,"featured_media":129414,"comment_status":"","ping_status":"","sticky":false,"template":"","format":"standard","meta":{"footnotes":""},"categories":[277],"tags":[373,168,25,24,12164,23,167,374],"class_list":{"0":"post-129413","1":"post","2":"type-post","3":"status-publish","4":"format-standard","5":"has-post-thumbnail","7":"category-toreo","8":"tag-bullfighting","9":"tag-deportes","10":"tag-es","11":"tag-espana","12":"tag-piensa","13":"tag-spain","14":"tag-sports","15":"tag-toreo"},"share_on_mastodon":{"url":"","error":""},"_links":{"self":[{"href":"https:\/\/www.europesays.com\/es\/wp-json\/wp\/v2\/posts\/129413","targetHints":{"allow":["GET"]}}],"collection":[{"href":"https:\/\/www.europesays.com\/es\/wp-json\/wp\/v2\/posts"}],"about":[{"href":"https:\/\/www.europesays.com\/es\/wp-json\/wp\/v2\/types\/post"}],"author":[{"embeddable":true,"href":"https:\/\/www.europesays.com\/es\/wp-json\/wp\/v2\/users\/2"}],"replies":[{"embeddable":true,"href":"https:\/\/www.europesays.com\/es\/wp-json\/wp\/v2\/comments?post=129413"}],"version-history":[{"count":0,"href":"https:\/\/www.europesays.com\/es\/wp-json\/wp\/v2\/posts\/129413\/revisions"}],"wp:featuredmedia":[{"embeddable":true,"href":"https:\/\/www.europesays.com\/es\/wp-json\/wp\/v2\/media\/129414"}],"wp:attachment":[{"href":"https:\/\/www.europesays.com\/es\/wp-json\/wp\/v2\/media?parent=129413"}],"wp:term":[{"taxonomy":"category","embeddable":true,"href":"https:\/\/www.europesays.com\/es\/wp-json\/wp\/v2\/categories?post=129413"},{"taxonomy":"post_tag","embeddable":true,"href":"https:\/\/www.europesays.com\/es\/wp-json\/wp\/v2\/tags?post=129413"}],"curies":[{"name":"wp","href":"https:\/\/api.w.org\/{rel}","templated":true}]}}