{"id":129417,"date":"2025-09-21T11:17:09","date_gmt":"2025-09-21T11:17:09","guid":{"rendered":"https:\/\/www.europesays.com\/es\/129417\/"},"modified":"2025-09-21T11:17:09","modified_gmt":"2025-09-21T11:17:09","slug":"por-que-colapinto-y-piastri-pueden-cambiar-el-chasis-sin-salir-desde-el-pitlane","status":"publish","type":"post","link":"https:\/\/www.europesays.com\/es\/129417\/","title":{"rendered":"Por qu\u00e9 Colapinto y Piastri pueden cambiar el chasis sin salir desde el pitlane"},"content":{"rendered":"<p><a href=\"https:\/\/lat.motorsport.com\/driver\/oscar-piastri\/828724\/\" target=\"_blank\" rel=\"noopener nofollow\">Oscar Piastri<\/a> y <a href=\"https:\/\/lat.motorsport.com\/driver\/franco-colapinto\/875930\/\" target=\"_blank\" rel=\"noopener nofollow\">Franco Colapinto<\/a> han cambiado el chasis de sus monoplazas tras sus accidentes en la clasificaci\u00f3n del Gran Premio de Azerbaiy\u00e1n de F\u00f3rmula 1, pero ninguno de los dos tendr\u00e1 que salir desde el pitlane.<\/p>\n<p>Tanto McLaren como <a href=\"https:\/\/lat.motorsport.com\/team\/alpine\/37484\/\" target=\"_blank\" rel=\"noopener nofollow\">Alpine<\/a> lograron reconstruir sus respectivos coches dentro del tiempo permitido por el reglamento de parque cerrado y aplicar los mismos par\u00e1metros de configuraci\u00f3n, lo que significa que ninguno de los pilotos deber\u00e1 cumplir con una salida desde el pitlane.<\/p>\n<p>El Reglamento Deportivo de la F\u00f3rmula 1 autoriza \u00abun cambio de coche si este ha sufrido da\u00f1os reales durante un accidente o ha tenido una aver\u00eda o defecto significativo que requiera un cambio de la c\u00e9lula de supervivencia. Todos los componentes del coche de reemplazo deben ser id\u00e9nticos en dise\u00f1o y similares en masa, inercia y funci\u00f3n a los del coche original. La configuraci\u00f3n de la suspensi\u00f3n debe ser la misma\u00bb.<\/p>\n<p>   <img decoding=\"async\" draggable=\"false\" src=\"https:\/\/www.europesays.com\/es\/wp-content\/uploads\/2025\/09\/1758453429_611_franco-colapinto-alpine.jpg\" alt=\"Franco Colapinto, Alpine\" width=\"1200\" height=\"800\" loading=\"lazy\"\/> <\/p>\n<p class=\"title\">Franco Colapinto, Alpine<\/p>\n<p class=\"photographer\">Photo by: Joe Portlock \/ LAT Images via Getty Images<\/p>\n<p>Franco Colapinto, que se sali\u00f3 de pista en la Q1, tambi\u00e9n contar\u00e1 con una nueva caja de cambios. Este tipo de reemplazos tambi\u00e9n dej\u00f3 de ser penalizado en los fines de semana de Gran Premio para esta temporada.<\/p>\n<p>Por \u00faltimo, <a href=\"https:\/\/lat.motorsport.com\/driver\/esteban-ocon\/463655\/\" target=\"_blank\" rel=\"noopener nofollow\">Esteban Ocon<\/a> fue autorizado a tomar la salida desde la 20\u00aa y \u00faltima posici\u00f3n. El s\u00e1bado por la noche, su Haas fue declarado no conforme tras fallar en las pruebas de flexibilidad del aler\u00f3n trasero, lo que provoc\u00f3 su exclusi\u00f3n de la clasificaci\u00f3n. Posteriormente, los comisarios dieron permiso al equipo estadounidense para partir desde el fondo de la parrilla, despu\u00e9s de que el piloto franc\u00e9s se hubiera clasificado inicialmente en el 18\u00ba lugar.<\/p>\n<p>M\u00e1s de la F\u00f3rmula 1:<\/p>\n","protected":false},"excerpt":{"rendered":"Oscar Piastri y Franco Colapinto han cambiado el chasis de sus monoplazas tras sus accidentes en la clasificaci\u00f3n&hellip;\n","protected":false},"author":2,"featured_media":129418,"comment_status":"","ping_status":"","sticky":false,"template":"","format":"standard","meta":{"footnotes":""},"categories":[270],"tags":[37379,168,25,24,306,271,272,1230,37378,41647,23,167],"class_list":{"0":"post-129417","1":"post","2":"type-post","3":"status-publish","4":"format-standard","5":"has-post-thumbnail","7":"category-formula-1","8":"tag-baku-city-circuit","9":"tag-deportes","10":"tag-es","11":"tag-espana","12":"tag-f1","13":"tag-formula-1","14":"tag-formula1","15":"tag-fu00f3rmula-1","16":"tag-gp-de-azerbaiyu00e1n","17":"tag-por-quu00e9-colapinto-y-piastri-pueden-cambiar-el-chasis-sin-salir-desde-el-pitlane","18":"tag-spain","19":"tag-sports"},"share_on_mastodon":{"url":"","error":""},"_links":{"self":[{"href":"https:\/\/www.europesays.com\/es\/wp-json\/wp\/v2\/posts\/129417","targetHints":{"allow":["GET"]}}],"collection":[{"href":"https:\/\/www.europesays.com\/es\/wp-json\/wp\/v2\/posts"}],"about":[{"href":"https:\/\/www.europesays.com\/es\/wp-json\/wp\/v2\/types\/post"}],"author":[{"embeddable":true,"href":"https:\/\/www.europesays.com\/es\/wp-json\/wp\/v2\/users\/2"}],"replies":[{"embeddable":true,"href":"https:\/\/www.europesays.com\/es\/wp-json\/wp\/v2\/comments?post=129417"}],"version-history":[{"count":0,"href":"https:\/\/www.europesays.com\/es\/wp-json\/wp\/v2\/posts\/129417\/revisions"}],"wp:featuredmedia":[{"embeddable":true,"href":"https:\/\/www.europesays.com\/es\/wp-json\/wp\/v2\/media\/129418"}],"wp:attachment":[{"href":"https:\/\/www.europesays.com\/es\/wp-json\/wp\/v2\/media?parent=129417"}],"wp:term":[{"taxonomy":"category","embeddable":true,"href":"https:\/\/www.europesays.com\/es\/wp-json\/wp\/v2\/categories?post=129417"},{"taxonomy":"post_tag","embeddable":true,"href":"https:\/\/www.europesays.com\/es\/wp-json\/wp\/v2\/tags?post=129417"}],"curies":[{"name":"wp","href":"https:\/\/api.w.org\/{rel}","templated":true}]}}