{"id":129419,"date":"2025-09-21T11:18:14","date_gmt":"2025-09-21T11:18:14","guid":{"rendered":"https:\/\/www.europesays.com\/es\/129419\/"},"modified":"2025-09-21T11:18:14","modified_gmt":"2025-09-21T11:18:14","slug":"la-torcedura-de-tobillo-de-zach-hankins-sin-gravedad","status":"publish","type":"post","link":"https:\/\/www.europesays.com\/es\/129419\/","title":{"rendered":"La torcedura de tobillo de Zach Hankins, sin gravedad"},"content":{"rendered":"<p><a class=\"v-mdl-ath__fig-a\" href=\"https:\/\/www.ideal.es\/autor\/victor-m-romero-394.html\" title=\"V\u00edctor M. Romero\" rel=\"nofollow noopener\" target=\"_blank\"><br \/>\n<img decoding=\"async\" class=\"v-mdl-ath__img\" src=\"https:\/\/www.europesays.com\/es\/wp-content\/uploads\/2025\/08\/1756261749_793_autor-394-foto-3.jpeg\" alt=\"V\u00edctor M. Romero\"\/><br \/>\n<\/a><\/p>\n<p class=\"v-mdl-ath__p v-mdl-ath__p--6\">\nS\u00e1bado, 20 de septiembre 2025, 19:31<\/p>\n<p>| Actualizado 19:51h.<\/p>\n<p class=\"v-p\">El techo del equipo Zach Hankins no pudo participar en todo el entrenamiento de puertas abiertas del Covir\u00e1n en el Palacio, debido a que sufri\u00f3 un leve esguince de tobillo en una entrada a canasta. El estadounidense \u00abno tiene nada importante\u00bb, seg\u00fan coment\u00f3 un portavoz del club granadino, y deber\u00eda estar en el quinto amistoso de la pretemporada, que ser\u00e1 el jueves 25 frente al Dreamland Gran Canaria, a puerta cerrada en el Palacio de los Deportes. <\/p>\n<p class=\"v-p\">No obstante, el poste se retir\u00f3 a una camilla, donde se le puso hielo tras la torcedura en una entrada a canasta. Su baja fue por precauci\u00f3n, para evitar males mayores y porque al &#8216;center&#8217; titular hay que mimarlo. De hecho, Ram\u00f3n D\u00edaz evit\u00f3 el cinco contra cinco y opt\u00f3 por cinco contra cero, para que no hubiera contacto f\u00edsico ni riesgos innecesarios y esquivar as\u00ed a posibles lesiones.<\/p>\n<p class=\"v-p\">Asimismo, se le vio bastante motivado a Elias Valtonen en su retorno a la preparaci\u00f3n y tras su excelente papel con Finlandia en el Eurobasket. El jugador n\u00f3rdico fue ovacionado por los espectadores. Tambi\u00e9n Elias se dirigi\u00f3 a ellos, al manifestar en castellano que \u00abestoy muy feliz de estar aqu\u00ed en Granada otra vez. Muchas gracias por venir a este encuentro y tambi\u00e9n por el apoyo y \u00e1nimos que nos dist\u00e9is la temporada pasada\u00bb.<\/p>\n<p>Comuni\u00f3n grada y equipo<\/p>\n<p class=\"v-p\">Poco antes, uno de los capitanes, Jonathan Rousselle \u2013junto al balear Pere Tom\u00e0s\u2013, coment\u00f3 que \u00abno voy a hablar mucho, me cuesta un poco el espa\u00f1ol, ja, ja, pero os agradezco mucho que hay\u00e1is asistido a la sesi\u00f3n de entrenamiento, seguro que el s\u00e1bado pod\u00edais hacer otras cosas. Lo vamos a dar todo esta pr\u00f3xima temporada y conf\u00edo en que vamos a sufrir menos y a disfrutar m\u00e1s juntos. Sabemos lo que pas\u00f3 el curso anterior, y os aseguramos que nos vamos a entregar a partir del 5 de octubre cuando empiece la Liga\u00bb.<\/p>\n<p class=\"v-p\">Ram\u00f3n D\u00edaz fue el primero en tomar el micr\u00f3fono y apunt\u00f3 que \u00abes muy motivador e ilusionante ver a mil personas en las gradas en un entrenamiento abierto, la primera vez que se hace. Estos doce cabrones ponen trabajo e ilusi\u00f3n y no faltar\u00e1 nunca en el equipo para intentar ganar, un mill\u00f3n de gracias por el apoyo, el mismo que existe y nos ofrec\u00e9is en la calle\u00bb. <\/p>\n<p>Comenta<\/p>\n<p>Reporta un error<\/p>\n","protected":false},"excerpt":{"rendered":"S\u00e1bado, 20 de septiembre 2025, 19:31 | Actualizado 19:51h. El techo del equipo Zach Hankins no pudo participar&hellip;\n","protected":false},"author":2,"featured_media":129420,"comment_status":"","ping_status":"","sticky":false,"template":"","format":"standard","meta":{"footnotes":""},"categories":[269],"tags":[299,298,168,25,24,11226,9780,23,167,25610,41648,9779],"class_list":{"0":"post-129419","1":"post","2":"type-post","3":"status-publish","4":"format-standard","5":"has-post-thumbnail","7":"category-baloncesto","8":"tag-baloncesto","9":"tag-basketball","10":"tag-deportes","11":"tag-es","12":"tag-espana","13":"tag-gravedad","14":"tag-hankins","15":"tag-spain","16":"tag-sports","17":"tag-tobillo","18":"tag-torcedura","19":"tag-zach"},"share_on_mastodon":{"url":"","error":""},"_links":{"self":[{"href":"https:\/\/www.europesays.com\/es\/wp-json\/wp\/v2\/posts\/129419","targetHints":{"allow":["GET"]}}],"collection":[{"href":"https:\/\/www.europesays.com\/es\/wp-json\/wp\/v2\/posts"}],"about":[{"href":"https:\/\/www.europesays.com\/es\/wp-json\/wp\/v2\/types\/post"}],"author":[{"embeddable":true,"href":"https:\/\/www.europesays.com\/es\/wp-json\/wp\/v2\/users\/2"}],"replies":[{"embeddable":true,"href":"https:\/\/www.europesays.com\/es\/wp-json\/wp\/v2\/comments?post=129419"}],"version-history":[{"count":0,"href":"https:\/\/www.europesays.com\/es\/wp-json\/wp\/v2\/posts\/129419\/revisions"}],"wp:featuredmedia":[{"embeddable":true,"href":"https:\/\/www.europesays.com\/es\/wp-json\/wp\/v2\/media\/129420"}],"wp:attachment":[{"href":"https:\/\/www.europesays.com\/es\/wp-json\/wp\/v2\/media?parent=129419"}],"wp:term":[{"taxonomy":"category","embeddable":true,"href":"https:\/\/www.europesays.com\/es\/wp-json\/wp\/v2\/categories?post=129419"},{"taxonomy":"post_tag","embeddable":true,"href":"https:\/\/www.europesays.com\/es\/wp-json\/wp\/v2\/tags?post=129419"}],"curies":[{"name":"wp","href":"https:\/\/api.w.org\/{rel}","templated":true}]}}