{"id":129421,"date":"2025-09-21T11:19:10","date_gmt":"2025-09-21T11:19:10","guid":{"rendered":"https:\/\/www.europesays.com\/es\/129421\/"},"modified":"2025-09-21T11:19:10","modified_gmt":"2025-09-21T11:19:10","slug":"wirtz-ya-es-sospechoso-as-com","status":"publish","type":"post","link":"https:\/\/www.europesays.com\/es\/129421\/","title":{"rendered":"Wirtz ya es sospechoso &#8211; AS.com"},"content":{"rendered":"<p class=\"\"><a href=\"https:\/\/as.com\/futbol\/internacional\/el-liverpool-es-un-cohete-n\/\" target=\"_self\" rel=\"nofollow noopener\" title=\"https:\/\/as.com\/futbol\/internacional\/el-liverpool-es-un-cohete-n\/\">El Liverpool firma por victorias todos su encuentros<\/a> de Premier (cinco) y tambi\u00e9n sabore\u00f3 el triunfo en el estreno de Champions. Un estado de optimismo y exaltaci\u00f3n en Anfield que no es completo para todos.<b> Florian Wirtz (22 a\u00f1os), el fichaje estrella de este verano, no termina de cuajar. <\/b><\/p>\n<p class=\"\">El alem\u00e1n es la nota negativa de este principio de campa\u00f1a en el Liverpool. <b>Ante el Everton tuvo una peque\u00f1a raci\u00f3n de banquillo por primera vez desde que viste la camiseta \u2018red\u2019.<\/b> Sali\u00f3 a la hora de partido, pero tampoco pudo demostrar nada de sus cualidades, que las tiene y por eso se pegaba media Europa por \u00e9l. Estuvo rampl\u00f3n y dej\u00f3 escapar otra oportunidad de agradar a la hinchada \u2018red\u2019. <b>Le est\u00e1 costando la adaptaci\u00f3n a la Premier a Wirtz<\/b>. La forma de juego tan singular del f\u00fatbol ingl\u00e9s y el buen momento de otros futbolistas del Liverpool est\u00e1n ensombreciendo a la perla germana. De momento <b>la afici\u00f3n de Anfield ha visto m\u00e1s sombras que luces con el fichaje de Wirtz.<\/b><\/p>\n<p><img decoding=\"async\" src=\"https:\/\/www.europesays.com\/es\/wp-content\/uploads\/2025\/09\/KDPUADXEV5LV3FMG4N6I55D5YM.jpg\" alt=\"Wirtz ya es sospechoso\" height=\"3117\" width=\"4676\"   loading=\"lazy\"\/>OLI SCARFF<\/p>\n<p class=\"\"><b>Slot no termina de encontrar el lugar ideal para Wirtz.<\/b> Ser\u00eda la mediapunta por detr\u00e1s del delantero (Ekitike o Isak) y en contacto con los extremos tan t\u00edpicos del Liverpool. Sin embargo, ese espacio no termina de hacerlo suyo Wirtz. <b>Ante el Atl\u00e9tico en Champions dej\u00f3 algunos flashes de sus infinita calidad, pero sin continuidad. <\/b>Unos destellos que s\u00ed que tuvo en el Leverkusen y que le hicieron ser el jugador diferencial que <b>asombr\u00f3 a la Bundeslig<\/b>a. <a href=\"https:\/\/as.com\/futbol\/champions\/van-dijk-deja-sin-milagro-a-llorente-n\/\" target=\"_self\" rel=\"nofollow noopener\" title=\"https:\/\/as.com\/futbol\/champions\/van-dijk-deja-sin-milagro-a-llorente-n\/\">Ante el Atl\u00e9tico<\/a> fue el atacante que mas <b>desenton\u00f3. Apenas se vio nada de su nivel<\/b>. Encima el gran momento de forma de <b>Szoboszlai <\/b>tampoco ayuda. El h\u00fangaro est\u00e1 jugando en distintas posiciones <b>y ante el Everton Slot le ubic\u00f3 en la zona de mediapunta<\/b>. El lugar reservado, a priori, por el t\u00e9cnico holand\u00e9s para Wirtz. Por lo que el joven jugador alem\u00e1n tuvo que esperar su oportunidad en el banquillo. <\/p>\n<p><img decoding=\"async\" src=\"https:\/\/www.europesays.com\/es\/wp-content\/uploads\/2025\/09\/UZ62N65OSNCOTJ5XFXZQZYYVHY.png\" alt=\"Wirtz ya es sospechoso\" height=\"1200\" width=\"1200\"   loading=\"lazy\"\/>Besoccer Pro, Florian Wirtz<\/p>\n<p class=\"\">Hay paciencia con \u00e9l en Anfield aunque es la primera vez que Wirtz se sent\u00eda desplazado del once. La comparativa con lo que logr\u00f3 en el Leverkusen dejan al dorsal 7 en muy mal lugar. Una situaci\u00f3n que es nueva para Wirtz. <b>No ha marcado ning\u00fan gol oficial con el Liverpool<\/b> y su participaci\u00f3n se limita a una \u00fanica asistencia. Un baj\u00f3n in\u00e9dito ya que desde la campa\u00f1a 2021-2022 est\u00e1 <b>acostumbrado a hacer goles por doquier.<\/b><\/p>\n<p>Noticias relacionadas<a href=\"https:\/\/as.com\/futbol\/internacional\/el-liverpool-es-un-cohete-n\/\" class=\"s_m_w\" title=\"Gravenberch marc\u00f3 la diferencia con un gol y una asistencia a Ekitike en el derbi de Merseyside. El franc\u00e9s marc\u00f3 un gran gol. \" data-tb-link=\"\" rel=\"nofollow noopener\" target=\"_blank\"><img decoding=\"async\" src=\"https:\/\/www.europesays.com\/es\/wp-content\/uploads\/2025\/09\/6DV6RLNRY5IPFGXP5E4F7SVJ5Y.jpg\" alt=\"Isak tiene competencia\" class=\"\" height=\"1\" width=\"1\"   loading=\"lazy\" data-tb-thumbnail=\"\"\/><\/a><a href=\"https:\/\/as.com\/futbol\/seleccion\/sorpasso-historico-de-espana-n\/\" class=\"s_m_w\" title=\"Espa\u00f1a regresa al n\u00famero 1 del ranking FIFA por primera vez desde junio de 2014. Argentina cae al tercer puesto tras Francia. \" data-tb-link=\"\" rel=\"nofollow noopener\" target=\"_blank\"><img decoding=\"async\" src=\"https:\/\/www.europesays.com\/es\/wp-content\/uploads\/2025\/09\/1758453550_79_T7LK5SCDWZF23NBNLDHXAGHYV4.jpg\" alt=\"Sorpasso hist\u00f3rico de Espa\u00f1a\" class=\"\" height=\"1\" width=\"1\"   loading=\"lazy\" data-tb-thumbnail=\"\"\/><\/a><\/p>\n<p class=\"\">Las cosas no le est\u00e1n saliendo y se refleja claramente en sus n\u00fameros. Y en su cara. Cabizbajo en el momento de irse al banquillo en el segundo tiempo ante el Atl\u00e9tico en Champions. Y <b>con cara de pocos amigos en el banquillo ante el Everton en el derbi<\/b>. Wirtz, problem\u00f3n a la vista en Anfield.<\/p>\n<p class=\"\"><b>\u00a1Tus opiniones importan!<\/b> Comenta en los art\u00edculos y suscr\u00edbete gratis a nuestra <a href=\"https:\/\/asfan.as.com\/newsletters\/\" target=\"_blank\" rel=\"nofollow noopener\" title=\"https:\/\/asfan.as.com\/newsletters\/\">newsletter<\/a> y a las alertas informativas en la <a href=\"https:\/\/as.com\/aplicacion-de-as-n\/\" target=\"_blank\" rel=\"nofollow noopener\" title=\"https:\/\/as.com\/aplicacion-de-as-n\/\">App<\/a> o el canal de <a href=\"https:\/\/www.whatsapp.com\/channel\/0029VaAasdA7j6g745nz9M10\" target=\"_blank\" rel=\"nofollow noopener\" title=\"https:\/\/www.whatsapp.com\/channel\/0029VaAasdA7j6g745nz9M10\">WhatsApp<\/a>. \u00bfBuscas licenciar contenido? Haz clic <a href=\"https:\/\/profesional.elpais.com\/soluciones-sindicacion?utm_medium=interno&amp;utm_source=crosslinking&amp;utm_campaign=sindicacion_as_pie_articulos\" target=\"_blank\" rel=\"nofollow noopener\" title=\"https:\/\/profesional.elpais.com\/soluciones-sindicacion?utm_medium=interno&amp;utm_source=crosslinking&amp;utm_campaign=sindicacion_as_pie_articulos\">aqu\u00ed<\/a><\/p>\n","protected":false},"excerpt":{"rendered":"El Liverpool firma por victorias todos su encuentros de Premier (cinco) y tambi\u00e9n sabore\u00f3 el triunfo en el&hellip;\n","protected":false},"author":2,"featured_media":129422,"comment_status":"","ping_status":"","sticky":false,"template":"","format":"standard","meta":{"footnotes":""},"categories":[268],"tags":[168,25,24,280,282,281,23,167],"class_list":{"0":"post-129421","1":"post","2":"type-post","3":"status-publish","4":"format-standard","5":"has-post-thumbnail","7":"category-futbol","8":"tag-deportes","9":"tag-es","10":"tag-espana","11":"tag-football","12":"tag-futbol","13":"tag-soccer","14":"tag-spain","15":"tag-sports"},"share_on_mastodon":{"url":"","error":""},"_links":{"self":[{"href":"https:\/\/www.europesays.com\/es\/wp-json\/wp\/v2\/posts\/129421","targetHints":{"allow":["GET"]}}],"collection":[{"href":"https:\/\/www.europesays.com\/es\/wp-json\/wp\/v2\/posts"}],"about":[{"href":"https:\/\/www.europesays.com\/es\/wp-json\/wp\/v2\/types\/post"}],"author":[{"embeddable":true,"href":"https:\/\/www.europesays.com\/es\/wp-json\/wp\/v2\/users\/2"}],"replies":[{"embeddable":true,"href":"https:\/\/www.europesays.com\/es\/wp-json\/wp\/v2\/comments?post=129421"}],"version-history":[{"count":0,"href":"https:\/\/www.europesays.com\/es\/wp-json\/wp\/v2\/posts\/129421\/revisions"}],"wp:featuredmedia":[{"embeddable":true,"href":"https:\/\/www.europesays.com\/es\/wp-json\/wp\/v2\/media\/129422"}],"wp:attachment":[{"href":"https:\/\/www.europesays.com\/es\/wp-json\/wp\/v2\/media?parent=129421"}],"wp:term":[{"taxonomy":"category","embeddable":true,"href":"https:\/\/www.europesays.com\/es\/wp-json\/wp\/v2\/categories?post=129421"},{"taxonomy":"post_tag","embeddable":true,"href":"https:\/\/www.europesays.com\/es\/wp-json\/wp\/v2\/tags?post=129421"}],"curies":[{"name":"wp","href":"https:\/\/api.w.org\/{rel}","templated":true}]}}