{"id":129423,"date":"2025-09-21T11:20:10","date_gmt":"2025-09-21T11:20:10","guid":{"rendered":"https:\/\/www.europesays.com\/es\/129423\/"},"modified":"2025-09-21T11:20:10","modified_gmt":"2025-09-21T11:20:10","slug":"hasta-los-16-no-tendra-movil","status":"publish","type":"post","link":"https:\/\/www.europesays.com\/es\/129423\/","title":{"rendered":"Hasta los 16 no tendr\u00e1 m\u00f3vil"},"content":{"rendered":"<p data-journey-content=\"true\" data-node-id=\"3\" class=\"css-6wxqfj emevuu60\"><strong data-node-id=\"3.0\">Dulceida comunica su dr\u00e1stica decisi\u00f3n sobre la educaci\u00f3n de su hija.<\/strong> \u00abHasta los 16 no tendr\u00e1 m\u00f3vil\u00bb, afirma. Y es que ella, como una de las creadoras de contenido m\u00e1s populares de nuestro pa\u00eds donde solo en Instagram tiene m\u00e1s de 3,4 millones de seguidores, conoce mejor que nadie los peligros de las redes sociales y tanto ella como su mujer, Alba Paul, quieren proteger al m\u00e1ximo a su <a href=\"https:\/\/www.diezminutos.es\/famosos-corazon\/famosos-espanoles\/a61053654\/dulceida-alba-paul-nombre-bebe\/\" target=\"_blank\" data-vars-ga-outbound-link=\"https:\/\/www.diezminutos.es\/famosos-corazon\/famosos-espanoles\/a61053654\/dulceida-alba-paul-nombre-bebe\/\" data-vars-ga-ux-element=\"Hyperlink\" data-vars-ga-call-to-action=\"peque\u00f1a Aria\" data-node-id=\"3.2\" class=\"body-link css-177bzfx emevuu60\" rel=\"nofollow noopener\">peque\u00f1a Aria<\/a> que el pr\u00f3ximo 15 de octubre cumple 1 a\u00f1o. Hace unos d\u00edas, Aida Domenech acudi\u00f3 a los premios Gen \u00a1H! donde hizo balance de su verano y de su vuelta al trabajo tras las vacaciones. \u00abTen\u00eda muchas ganas ya tambi\u00e9n de &#8216;jale\u00edto&#8217;, aunque el 1 de septiembre es como el a\u00f1o nuevo y la vuelta a empezar\u00bb y a\u00f1adi\u00f3 c\u00f3mo hab\u00eda sido su primer verano junto a su hija. \u00abIncre\u00edble. Ha sido un verano muy diferente, mucho m\u00e1s tranquilo de lo normal, pero muy felices por sus primeras veces, su primer verano\u00bb, cont\u00f3.<\/p>\n<p data-journey-content=\"true\" data-node-id=\"6\" class=\"css-6wxqfj emevuu60\"><strong data-node-id=\"6.0\">Dulceida tambi\u00e9n habl\u00f3 de otros temas de actualidad como el <a href=\"https:\/\/www.diezminutos.es\/famosos-corazon\/famosos-espanoles\/a66100683\/anabel-pantoja-hija-alma-estreno-bailando-con-las-estrellas-cancion-karol-g\/\" target=\"_blank\" data-vars-ga-outbound-link=\"https:\/\/www.diezminutos.es\/famosos-corazon\/famosos-espanoles\/a66100683\/anabel-pantoja-hija-alma-estreno-bailando-con-las-estrellas-cancion-karol-g\/\" data-vars-ga-ux-element=\"Hyperlink\" data-vars-ga-call-to-action=\"debut de su amiga, Anabel Pantoja\" data-node-id=\"6.0.1\" class=\"body-link css-177bzfx emevuu60\" rel=\"nofollow noopener\">debut de su amiga, Anabel Pantoja<\/a>, en &#8216;Bailando con las estrellas&#8217;.<\/strong> \u00abNo lo vi el otro d\u00eda porque ten\u00eda una boda, pero luego me vi todos sus v\u00eddeos y <strong data-node-id=\"6.2\">ella est\u00e1 muy feliz<\/strong> porque como tuvo lo del brazo, estaba como un poco asustada de no poder hacerlo. Obviamente todos sab\u00edamos que lo har\u00eda y con esa actitud que me hace muy feliz que est\u00e9 ah\u00ed, que est\u00e9 d\u00e1ndolo todo y divirti\u00e9ndose tanto\u00bb y a\u00f1adi\u00f3 que la ve\u00eda muy bien \u00abm\u00e1s tranquila, m\u00e1s feliz, m\u00e1s positiva\u00bb. <\/p>\n<p><img draggable=\"true\" alt=\"dulceida con un vestido largo negro de rejilla grande\" title=\"Dulceida\" loading=\"lazy\" width=\"3000\" height=\"8403\" decoding=\"async\" data-nimg=\"1\" style=\"color:transparent;width:100%;height:auto;\"   src=\"https:\/\/www.europesays.com\/es\/wp-content\/uploads\/2025\/09\/dulceida-vestido-rejilla-68cacdb8e6cbd.jpg\" class=\"css-0 e1g79fud0\"\/><\/p>\n<p>Gtres\u200b<\/p>\n<p>Dulceida sobre su hija: \u00abSomos cero pantallas ahora, luego ya veremos\u00bb<\/p>\n<p data-journey-content=\"true\" data-node-id=\"10\" class=\"css-6wxqfj emevuu60\">Dulceida, espectacular con un vestido tipo red de Compte Spain, tiene claro que, en la medida de lo posible, ella y su pareja Alba Paul intentar\u00e1n mantener alejada de las pantallas a su hija Aria y retrasar al m\u00e1ximo su acceso a un tel\u00e9fono m\u00f3vil como <a href=\"https:\/\/www.diezminutos.es\/maternidad\/ninos\/a66137453\/doctor-carlos-atef-harkous-experto-psiquiatria-manual-uso-redes-sociales-adolescentes\/\" target=\"_blank\" data-vars-ga-outbound-link=\"https:\/\/www.diezminutos.es\/maternidad\/ninos\/a66137453\/doctor-carlos-atef-harkous-experto-psiquiatria-manual-uso-redes-sociales-adolescentes\/\" data-vars-ga-ux-element=\"Hyperlink\" data-vars-ga-call-to-action=\"recomiendan los expertos\" data-node-id=\"10.1\" class=\"body-link css-177bzfx emevuu60\" rel=\"nofollow noopener\">recomiendan los expertos<\/a>. \u00abYo lo digo ahora, igual que las pantallas. Somos cero pantallas ahora, luego ya lo veremos, <strong data-node-id=\"10.3\">pero yo hasta los 16 me parece que no tiene que tener el tel\u00e9fono<\/strong> y para llamarnos a nosotras\u00bb aunque reconoce que es algo muy complicado. \u00abPues no, creo que no es posible en el mundo en el que vivimos. Yo luego lo digo y luego todos cambiamos de opini\u00f3n\u00bb, dijo.<\/p>\n<p><img draggable=\"true\" alt=\"dulceida con un vestido largo negro de rejilla grande\" title=\"Dulceida\" loading=\"lazy\" width=\"3000\" height=\"3052\" decoding=\"async\" data-nimg=\"1\" style=\"color:transparent;width:100%;height:auto;\"   src=\"https:\/\/www.europesays.com\/es\/wp-content\/uploads\/2025\/09\/dulceida-microfonos-68cacdb87605a.jpg\" class=\"css-0 e1g79fud0\"\/><\/p>\n<p>Gtres\u200b<\/p>\n<p data-journey-content=\"true\" data-node-id=\"15\" class=\"css-6wxqfj emevuu60\"><strong data-node-id=\"15.0\">Dulceida<\/strong>, que <a href=\"https:\/\/www.diezminutos.es\/famosos-corazon\/famosos-espanoles\/a63017781\/dulceida-planes-maternidad-hermanito-hija-aria\/\" target=\"_blank\" data-vars-ga-outbound-link=\"https:\/\/www.diezminutos.es\/famosos-corazon\/famosos-espanoles\/a63017781\/dulceida-planes-maternidad-hermanito-hija-aria\/\" data-vars-ga-ux-element=\"Hyperlink\" data-vars-ga-call-to-action=\"no descarta tener m\u00e1s hijos\" data-node-id=\"15.2\" class=\"body-link css-177bzfx emevuu60\" rel=\"nofollow noopener\">no descarta tener m\u00e1s hijos<\/a>, <strong data-node-id=\"15.4\">y su mujer tienen claro que van a cuidar al m\u00e1ximo a su hija Aria <\/strong>y no quieren mostrar su cara en sus redes sociales. \u00abS\u00ed, porque al final nosotros vivimos en un mundo que constantemente est\u00e1n ya, aparte de cosas mucho m\u00e1s graves que pueden pasar con fotos de menores, constantemente nos est\u00e1n criticando, juzgando y a mi hija ni de co\u00f1a eso, protegidita\u00bb, cont\u00f3. <\/p>\n<p><img src=\"https:\/\/www.europesays.com\/es\/wp-content\/uploads\/2025\/09\/1758453610_823_956e4c3c-2efd-4963-a949-05017c07afa9_1734435946.jpg\" alt=\"Headshot of Silvia Criado\" title=\"Headshot of Silvia Criado\" width=\"100%\" height=\"100%\" decoding=\"async\" loading=\"lazy\" class=\"css-o0wq4v ev8dhu53\"\/><\/p>\n<p>Silvia Criado es Jefa de Secci\u00f3n Digital de Diez Minutos experta en coraz\u00f3n y sociedad especializada en famosos y casas reales, de los que lleva escribiendo m\u00e1s de 20 a\u00f1os. En su larga trayectoria profesional, ha cubierto eventos de lo m\u00e1s variado desde el nacimiento de la princesa Leonor, futura reina de Espa\u00f1a, a los premios Goya. No se le escapa un detalle de las alfombras rojas como los Goya o el Oscar y conoce como nadie los secretos de las biograf\u00edas de las celebridades.<br \/>\nAunque est\u00e1 especializada en famosos y realidad, es una periodista todoterreno que tambi\u00e9n ha escrito mucho sobre maternidad, decoraci\u00f3n, moda, belleza, televisi\u00f3n y ocio. En sus art\u00edculos tanto te cuenta cu\u00e1l es el restaurante m\u00e1s de moda de Madrid, copia el look de Nuria Roca en versi\u00f3n &#8216;low cost&#8217;, te da los &#8216;consejos&#8217; necesarios para decorar la habitaci\u00f3n de tu hijo o te cuenta todo lo que ha pasado en &#8216;Supervivientes&#8217;.<br \/>\nSilvia Criado es licenciada en Periodismo por la Universidad Complutense de Madrid y a empez\u00f3 a colaborar en diferentes medios de comunicaci\u00f3n cuando todav\u00eda no hab\u00eda terminado la carrera. Ha trabajado en la cadena Ser, el diario Menorca y las revistas Crecer Feliz, Casa Diez, Micasa o Elle Decoration aunque, la mayor parte de su trayectoria, ha transcurrido en Diez Minutos donde lleg\u00f3 a su edici\u00f3n de papel en el a\u00f1o 2001. Desde 2018, puedes leer sus art\u00edculos en la web.<\/p>\n","protected":false},"excerpt":{"rendered":"Dulceida comunica su dr\u00e1stica decisi\u00f3n sobre la educaci\u00f3n de su hija. \u00abHasta los 16 no tendr\u00e1 m\u00f3vil\u00bb, afirma.&hellip;\n","protected":false},"author":2,"featured_media":129424,"comment_status":"","ping_status":"","sticky":false,"template":"","format":"standard","meta":{"footnotes":""},"categories":[174],"tags":[255,253,146,147,25,24,256,23],"class_list":{"0":"post-129423","1":"post","2":"type-post","3":"status-publish","4":"format-standard","5":"has-post-thumbnail","7":"category-famosos","8":"tag-celebrities","9":"tag-discover","10":"tag-entertainment","11":"tag-entretenimiento","12":"tag-es","13":"tag-espana","14":"tag-famosos","15":"tag-spain"},"share_on_mastodon":{"url":"","error":""},"_links":{"self":[{"href":"https:\/\/www.europesays.com\/es\/wp-json\/wp\/v2\/posts\/129423","targetHints":{"allow":["GET"]}}],"collection":[{"href":"https:\/\/www.europesays.com\/es\/wp-json\/wp\/v2\/posts"}],"about":[{"href":"https:\/\/www.europesays.com\/es\/wp-json\/wp\/v2\/types\/post"}],"author":[{"embeddable":true,"href":"https:\/\/www.europesays.com\/es\/wp-json\/wp\/v2\/users\/2"}],"replies":[{"embeddable":true,"href":"https:\/\/www.europesays.com\/es\/wp-json\/wp\/v2\/comments?post=129423"}],"version-history":[{"count":0,"href":"https:\/\/www.europesays.com\/es\/wp-json\/wp\/v2\/posts\/129423\/revisions"}],"wp:featuredmedia":[{"embeddable":true,"href":"https:\/\/www.europesays.com\/es\/wp-json\/wp\/v2\/media\/129424"}],"wp:attachment":[{"href":"https:\/\/www.europesays.com\/es\/wp-json\/wp\/v2\/media?parent=129423"}],"wp:term":[{"taxonomy":"category","embeddable":true,"href":"https:\/\/www.europesays.com\/es\/wp-json\/wp\/v2\/categories?post=129423"},{"taxonomy":"post_tag","embeddable":true,"href":"https:\/\/www.europesays.com\/es\/wp-json\/wp\/v2\/tags?post=129423"}],"curies":[{"name":"wp","href":"https:\/\/api.w.org\/{rel}","templated":true}]}}