{"id":129425,"date":"2025-09-21T11:21:07","date_gmt":"2025-09-21T11:21:07","guid":{"rendered":"https:\/\/www.europesays.com\/es\/129425\/"},"modified":"2025-09-21T11:21:07","modified_gmt":"2025-09-21T11:21:07","slug":"50-estudios-de-arquitectura-se-interesan-por-las-posibilidades-del-edificio-goya","status":"publish","type":"post","link":"https:\/\/www.europesays.com\/es\/129425\/","title":{"rendered":"50 estudios de arquitectura se interesan por las posibilidades del Edificio Goya"},"content":{"rendered":"<p>El concurso de ideas organizado por Ensanche 21 para el reacondicionamiento de la antigua gasolinera Goya ha permitido a los estudios de arquitectura interesados en  &#8230; el proceso conocer el interior del inmueble. Un total de 50 profesionales han participado en estas visitas. <\/p>\n<p class=\"v-p\">El pliego en fase de licitaci\u00f3n y presentaci\u00f3n de propuestas contemplaba dos jornadas de visitas al hist\u00f3rico edificio para poder recorrer el interior de lo que fue una antigua gasolinera y que, tras la ejecuci\u00f3n de las obras, se convertir\u00e1 en un referente de la movilidad sostenible y punto de informaci\u00f3n sobre rutas y recorridos por la naturaleza. Durante ellas los participantes han podido recorrer los espacios interiores del edificio proyectado en 1935 por Luis L\u00f3pez de Uralde en colaboraci\u00f3n con Francisco Alonso Martos.<\/p>\n<p class=\"v-p\">Han podido comprobar el estado de la planta baja, donde se ubicaban los surtidores de combustible y acceder tambi\u00e9n a la amplia primera planta y asomarse a la espaciosa terraza orientada al parque de La Florida. La licitaci\u00f3n para tomar parte en el concurso de proyectos que ha de servir para elegir al equipo encargado de redactar el proyecto b\u00e1sico y de ejecuci\u00f3n est\u00e1 abierta desde el pasado 30 de julio.<\/p>\n<p class=\"v-p\">Tras las dos visitas a Goya, los interesados tienen de plazo hasta el mi\u00e9rcoles 5 de noviembre para presentar sus proyectos. El jurado compuesto por 5 destacados integrantes seleccionar\u00e1, en una primera fase, a los tres proyectos m\u00e1s destacados y que, adem\u00e1s, ser\u00e1n premiados con una cantidad econ\u00f3mica de 5.000 euros (IVA no incluido). Los equipos participantes habr\u00e1n de presentar en esta fase una idea concisa acerca del objeto del concurso.<\/p>\n<p class=\"v-p\">En la siguiente fase se proceder\u00e1 a desarrollar esa idea previa, a trav\u00e9s de unos paneles donde se refleje la propuesta gr\u00e1fica y una memoria donde se presenten los contenidos del equipamiento. El jurado de expertos proceder\u00e1 a escoger el proyecto ganador entre esos tres finalistas. El vencedor se har\u00e1 tambi\u00e9n con un premio econ\u00f3mico de 15.000 euros.<\/p>\n","protected":false},"excerpt":{"rendered":"El concurso de ideas organizado por Ensanche 21 para el reacondicionamiento de la antigua gasolinera Goya ha permitido&hellip;\n","protected":false},"author":2,"featured_media":129426,"comment_status":"","ping_status":"","sticky":false,"template":"","format":"standard","meta":{"footnotes":""},"categories":[173],"tags":[801,229,233,231,230,232,234,1155,146,147,25,24,1084,3980,37681,41649,23],"class_list":{"0":"post-129425","1":"post","2":"type-post","3":"status-publish","4":"format-standard","5":"has-post-thumbnail","7":"category-arte-y-diseno","8":"tag-arquitectura","9":"tag-arte","10":"tag-arte-y-diseno","11":"tag-arts","12":"tag-arts-and-design","13":"tag-design","14":"tag-diseno","15":"tag-edificio","16":"tag-entertainment","17":"tag-entretenimiento","18":"tag-es","19":"tag-espana","20":"tag-estudios","21":"tag-goya","22":"tag-interesan","23":"tag-posibilidades","24":"tag-spain"},"share_on_mastodon":{"url":"","error":""},"_links":{"self":[{"href":"https:\/\/www.europesays.com\/es\/wp-json\/wp\/v2\/posts\/129425","targetHints":{"allow":["GET"]}}],"collection":[{"href":"https:\/\/www.europesays.com\/es\/wp-json\/wp\/v2\/posts"}],"about":[{"href":"https:\/\/www.europesays.com\/es\/wp-json\/wp\/v2\/types\/post"}],"author":[{"embeddable":true,"href":"https:\/\/www.europesays.com\/es\/wp-json\/wp\/v2\/users\/2"}],"replies":[{"embeddable":true,"href":"https:\/\/www.europesays.com\/es\/wp-json\/wp\/v2\/comments?post=129425"}],"version-history":[{"count":0,"href":"https:\/\/www.europesays.com\/es\/wp-json\/wp\/v2\/posts\/129425\/revisions"}],"wp:featuredmedia":[{"embeddable":true,"href":"https:\/\/www.europesays.com\/es\/wp-json\/wp\/v2\/media\/129426"}],"wp:attachment":[{"href":"https:\/\/www.europesays.com\/es\/wp-json\/wp\/v2\/media?parent=129425"}],"wp:term":[{"taxonomy":"category","embeddable":true,"href":"https:\/\/www.europesays.com\/es\/wp-json\/wp\/v2\/categories?post=129425"},{"taxonomy":"post_tag","embeddable":true,"href":"https:\/\/www.europesays.com\/es\/wp-json\/wp\/v2\/tags?post=129425"}],"curies":[{"name":"wp","href":"https:\/\/api.w.org\/{rel}","templated":true}]}}