{"id":129427,"date":"2025-09-21T11:23:08","date_gmt":"2025-09-21T11:23:08","guid":{"rendered":"https:\/\/www.europesays.com\/es\/129427\/"},"modified":"2025-09-21T11:23:08","modified_gmt":"2025-09-21T11:23:08","slug":"manu-tenorio-totalmente-roto-en-bailando-con-las-estrellas-es-muy-frustrante","status":"publish","type":"post","link":"https:\/\/www.europesays.com\/es\/129427\/","title":{"rendered":"Manu Tenorio, totalmente roto en &#8216;Bailando con las estrellas&#8217;: \u00abEs muy frustrante\u00bb"},"content":{"rendered":"<p data-journey-content=\"true\" data-node-id=\"3\" class=\"css-6wxqfj emevuu60\">Manu Tenorio ha vivido una semana <a href=\"https:\/\/www.diezminutos.es\/famosos-corazon\/famosos-espanoles\/a67983687\/anabel-pantoja-beso-bailando-con-las-estrellas\/\" target=\"_blank\" data-vars-ga-outbound-link=\"https:\/\/www.diezminutos.es\/famosos-corazon\/famosos-espanoles\/a67983687\/anabel-pantoja-beso-bailando-con-las-estrellas\/\" data-vars-ga-ux-element=\"Hyperlink\" data-vars-ga-call-to-action=\"muy complicada en &#039;Bailando con las estrellas&#039;\" data-node-id=\"3.1\" class=\"body-link css-177bzfx emevuu60\" rel=\"nofollow noopener\">muy complicada en &#8216;Bailando con las estrellas&#8217;<\/a>. En la primera gala, <strong data-node-id=\"3.3\">el cantante fue uno de los m\u00e1s criticados,<\/strong> cayendo entre los menos valorados por el jurado con un uno incluso entre las votaciones, aunque el p\u00fablico le salv\u00f3 de caer nominado, algo que emocion\u00f3 a Tenorio. \u00abQue el p\u00fablico te quiera no se puede comprar y es muy grande\u00bb, confesaba. <strong data-node-id=\"3.5\">No parar de cantar durante el baile, ir a destiempo o no colocarse en una buena postura<\/strong> fueron algunos de los puntos criticados el jurado. Con todo esto a trabajar,<a href=\"https:\/\/www.diezminutos.es\/famosos-corazon\/famosos-espanoles\/a65863354\/veronica-romero-homenaje-ot1-alex-casademunt-se-gestiono-mal\/\" target=\"_blank\" data-vars-ga-outbound-link=\"https:\/\/www.diezminutos.es\/famosos-corazon\/famosos-espanoles\/a65863354\/veronica-romero-homenaje-ot1-alex-casademunt-se-gestiono-mal\/\" data-vars-ga-ux-element=\"Hyperlink\" data-vars-ga-call-to-action=\" el de OT1\" data-node-id=\"3.7\" class=\"body-link css-177bzfx emevuu60\" rel=\"nofollow noopener\"> el de OT1<\/a> ha enfrentado uno de los reto m\u00e1s complicados: el quickstep (paso r\u00e1pido) al ritmo de Grease, lo que ha hecho que se venga abajo.<\/p>\n<p data-journey-content=\"true\" data-node-id=\"6\" class=\"css-6wxqfj emevuu60\">Tras cuatro d\u00edas de duro trabajo, la pareja llegaba el ensayo general en el que Manu comet\u00eda <a href=\"https:\/\/www.diezminutos.es\/famosos-corazon\/famosos-espanoles\/a64617361\/manu-tenorio-entrevista-fotos-moda\/\" target=\"_blank\" data-vars-ga-outbound-link=\"https:\/\/www.diezminutos.es\/famosos-corazon\/famosos-espanoles\/a64617361\/manu-tenorio-entrevista-fotos-moda\/\" data-vars-ga-ux-element=\"Hyperlink\" data-vars-ga-call-to-action=\"much\u00edsimos fallos y se derrumbaba.\" data-node-id=\"6.1\" class=\"body-link css-177bzfx emevuu60\" rel=\"nofollow noopener\">much\u00edsimos fallos y se derrumbaba.<\/a> <strong data-node-id=\"6.3\">\u00abEs frustrante con uno mismo&#8230; Hago todo lo que puedo. No puedo hacer m\u00e1s. <\/strong>Incluso estoy quitando tiempo a mi familia porque cuando estoy en casa estoy viendo los v\u00eddeos\u00bb, se lamentaba con Mar\u00eda, su maestra, tras el ensayo. Tal ha sido la frustraci\u00f3n que no ha podido evitar romperse a llorar en uno de los pasillos. <\/p>\n<p><img draggable=\"true\" alt=\"manu tenorio bailando con las estrellas\" title=\"manu tenorio bailando con las estrellas\" loading=\"lazy\" width=\"2559\" height=\"1440\" decoding=\"async\" data-nimg=\"1\" style=\"color:transparent;width:100%;height:auto;\"   src=\"https:\/\/www.europesays.com\/es\/wp-content\/uploads\/2025\/09\/manutenorio-roto-68cfc46c19e0a.jpg\" class=\"css-0 e1g79fud0\"\/><\/p>\n<p>Telecinco<\/p>\n<p data-journey-content=\"true\" data-node-id=\"9\" class=\"css-6wxqfj emevuu60\">\u00abNo me mola nada que me salga tan mal\u00bb, sentenciaba. Consolado por su maestra, Manu ha lamentado que<strong data-node-id=\"9.1\"> tras horas de ensayo siga sin salirle: \u00abestoy cansado de hacerme el fuerte\u00bb.<\/strong> Pero de las cenizas surgi\u00f3 el Ave F\u00e9nix. Y tras haberse derrumbado, el cantante sal\u00eda al escenario en la gala en directo -con su mujer, Silvia, entre el p\u00fablico- para darlo todo, y mostrar el trabajo que tanto hab\u00edan ensayado. <\/p>\n<p data-journey-content=\"true\" data-node-id=\"13\" class=\"css-6wxqfj emevuu60\">[ image id=&#8217;f18c90e0-61c9-4b42-969d-794d95f65696&#8242; mediaId=&#8217;7d660b3c-e400-448c-809b-360f8fe7c387&#8242; align=&#8217;center&#8217; size=\u00bbmedium\u00bb share=\u00bbfalse\u00bb caption=\u00bb expand=\u00bb crop=&#8217;original&#8217;][\/image]<\/p>\n<p data-journey-content=\"true\" data-node-id=\"15\" class=\"css-6wxqfj emevuu60\"><strong data-node-id=\"15.0\">\u00abHe visto otro Manu, despu\u00e9s de romperte, salir adelante\u00bb, le aplaud\u00eda Jes\u00fas V\u00e1zquez.<\/strong> \u00abTe lo has cre\u00eddo mucho m\u00e1s, te has metido en el papel\u00bb, se\u00f1alaba Pelayo. Gorka incluso le aconsejaba volver a ver el v\u00eddeo del programa en casa porque \u00abvas a estar orgulloso de lo que has hecho esta noche\u00bb y que consigui\u00f3 sacar \u00abmomentos muy buenos\u00bb. Unas valoraciones que Manu agradec\u00eda \u00abde coraz\u00f3n\u00bb despu\u00e9s de todo el sufrimiento que hab\u00eda atravesado.<\/p>\n<p><img src=\"https:\/\/www.europesays.com\/es\/wp-content\/uploads\/2025\/09\/1758453788_573_323095e3-d675-4360-ad79-c3a735f161a1_1681830139.file\" alt=\"Headshot of Aroa D\u00edaz\" title=\"Headshot of Aroa D\u00edaz\" width=\"100%\" height=\"100%\" decoding=\"async\" loading=\"lazy\" class=\"css-o0wq4v ev8dhu53\"\/><\/p>\n<p>Aroa D\u00edaz es experta en realities, televisi\u00f3n y actualidad en general. No hay momento del d\u00eda en el que no tenga encendida la televisi\u00f3n conociendo los \u00faltimos desvelos de los famosos, disfrutando de los realities como Supervivientes o de los concursos m\u00e1s rocambolescos. Las \u00faltimas novedades de los famosos del coraz\u00f3n son su perdici\u00f3n y la actualidad de las Casas Reales, su gran pasi\u00f3n. \u00a0\u00a0<\/p>\n<p>En sus ratos libres disfruta de las pel\u00edculas y series de moda, y bucea por los cat\u00e1logos de las plataformas de podcast buscando nuevas entrevistas y charlas de famosos.<\/p>\n<p>Adem\u00e1s, no ha parado de formarse en todos los aspectos convirti\u00e9ndose en una periodista 360: locuci\u00f3n, doblaje, grabaci\u00f3n de v\u00eddeo, periodismo m\u00f3vil, producci\u00f3n de podcast y SEO. Actualmente est\u00e1 form\u00e1ndose en el M\u00e1ster universitario de Periodismo y Comunicaci\u00f3n Digital: Datos y Nuevas Narrativas de la UOC.<\/p>\n<p>Graduada en periodismo por la Universidad Rey Juan Carlos, no ha parado de trabajar desde que obtuvo su t\u00edtulo all\u00e1 por el 2013. Despu\u00e9s de un breve impass en Palma de Mallorca, volvi\u00f3 a Legan\u00e9s donde arranc\u00f3 su experiencia con Legan\u00e9s Activo. En este tiempo he pasado por las redacciones de varios medios recayendo finalmente en Hearst Espa\u00f1a (Telenovela, Qu\u00e9 me dices y Diez Minutos). Tambi\u00e9n tiene experiencia en diferentes radios. \u00a0<\/p>\n","protected":false},"excerpt":{"rendered":"Manu Tenorio ha vivido una semana muy complicada en &#8216;Bailando con las estrellas&#8217;. En la primera gala, el&hellip;\n","protected":false},"author":2,"featured_media":129428,"comment_status":"","ping_status":"","sticky":false,"template":"","format":"standard","meta":{"footnotes":""},"categories":[171],"tags":[253,146,147,25,24,23,214],"class_list":{"0":"post-129427","1":"post","2":"type-post","3":"status-publish","4":"format-standard","5":"has-post-thumbnail","7":"category-tv","8":"tag-discover","9":"tag-entertainment","10":"tag-entretenimiento","11":"tag-es","12":"tag-espana","13":"tag-spain","14":"tag-tv"},"share_on_mastodon":{"url":"","error":""},"_links":{"self":[{"href":"https:\/\/www.europesays.com\/es\/wp-json\/wp\/v2\/posts\/129427","targetHints":{"allow":["GET"]}}],"collection":[{"href":"https:\/\/www.europesays.com\/es\/wp-json\/wp\/v2\/posts"}],"about":[{"href":"https:\/\/www.europesays.com\/es\/wp-json\/wp\/v2\/types\/post"}],"author":[{"embeddable":true,"href":"https:\/\/www.europesays.com\/es\/wp-json\/wp\/v2\/users\/2"}],"replies":[{"embeddable":true,"href":"https:\/\/www.europesays.com\/es\/wp-json\/wp\/v2\/comments?post=129427"}],"version-history":[{"count":0,"href":"https:\/\/www.europesays.com\/es\/wp-json\/wp\/v2\/posts\/129427\/revisions"}],"wp:featuredmedia":[{"embeddable":true,"href":"https:\/\/www.europesays.com\/es\/wp-json\/wp\/v2\/media\/129428"}],"wp:attachment":[{"href":"https:\/\/www.europesays.com\/es\/wp-json\/wp\/v2\/media?parent=129427"}],"wp:term":[{"taxonomy":"category","embeddable":true,"href":"https:\/\/www.europesays.com\/es\/wp-json\/wp\/v2\/categories?post=129427"},{"taxonomy":"post_tag","embeddable":true,"href":"https:\/\/www.europesays.com\/es\/wp-json\/wp\/v2\/tags?post=129427"}],"curies":[{"name":"wp","href":"https:\/\/api.w.org\/{rel}","templated":true}]}}