{"id":129429,"date":"2025-09-21T11:25:07","date_gmt":"2025-09-21T11:25:07","guid":{"rendered":"https:\/\/www.europesays.com\/es\/129429\/"},"modified":"2025-09-21T11:25:07","modified_gmt":"2025-09-21T11:25:07","slug":"nunca-lo-has-visto-antes-en-una-pelicula","status":"publish","type":"post","link":"https:\/\/www.europesays.com\/es\/129429\/","title":{"rendered":"Nunca lo has visto antes en una pel\u00edcula"},"content":{"rendered":"<p class=\"c-paragraph\">La secuela de <b>The Batman <\/b>va a hacerse esperar. Estrenada en 2022, este film encandil\u00f3 a cr\u00edtica y p\u00fablico, y convirti\u00f3 la visi\u00f3n creativa de<b> Matt Reeves<\/b> en uno de los bienes m\u00e1s preciados de la actual <b>DC Studios<\/b>. <b>James Gunn y Peter Safran <\/b>son conscientes de esto como sus presidentes, y han preferido darle a Reeves el tiempo que necesitara para poner a punto la inevitable secuela. Con lo que el tiempo ha pasado, hasta el punto de que hab\u00eda quien se preguntaba si no estaba habiendo alg\u00fan problema. Si quiz\u00e1 lo que tramaba Reeves no le encajaba a sus jefes.<\/p>\n<p class=\"c-paragraph\">Hoy por hoy parece que se ha debido a problemas personales, y lo que importa es que el guion ya est\u00e1 listo. Reeves se lo entreg\u00f3 a Gunn y a Safran este verano, y la idea es que<b> <\/b><b>The Batman: Parte II<\/b><b> <\/b>se ruede la pr\u00f3xima primavera una vez <b>El Ping\u00fcino<\/b><b> <\/b>(serie puente entre los dos Batman protagonizada por <b>Colin Farrell<\/b>) ha sabido mantener alto el pabell\u00f3n. The Batman II se estrenar\u00e1 as\u00ed las cosas el <b>1 de octubre de 2027<\/b>, una vez transcurran cinco a\u00f1os de la pel\u00edcula inicial e incluso haya dado tiempo a que se estrene la secuela de un film que vimos este mismo verano, <b>Superman. Man of Tomorrow<\/b> llega antes, el<b> 9 de julio de 2027<\/b>.<\/p>\n<p class=\"c-paragraph\">Lo que importa, claro, es que lo que ha escrito Reeves merezca la pena, y es lo que el cineasta se obstina en prometer durante sus \u00faltimas apariciones p\u00fablicas. Luego de revelar que hab\u00eda habido tanto secretismo en torno al guion como para que <b>Robert Pattinson <\/b>(int\u00e9rprete de Bruce Wayne) tuviera problemas solo abriendo la maleta que lo conten\u00eda, Reeves le ha dado <a href=\"https:\/\/variety.com\/2025\/film\/news\/matt-reeves-batman-2-villain-never-been-in-movie-1236522943\/\" rel=\"nofollow noreferrer noopener\" target=\"_blank\">unas declaraciones muy interesantes<\/a> al periodista <b>Josh Horowitz<\/b>. El director aclara as\u00ed que esta secuela se va a preocupar de que conozcamos mejor a Bruce Wayne, pues \u201cla primera se centr\u00f3 mucho en Batman\u201d. Esto cambiar\u00e1 en The Batman: Parte II.<\/p>\n<p class=\"c-paragraph\">\u201cUna vez se supera la historia de origen en muchas otras pel\u00edculas (que me encantan, aunque aqu\u00ed no lo hicimos del todo) se empieza don <b>la galer\u00eda de villanos<\/b>. Pero no he querido perder a Robert Pattinson<b> en el centro<\/b>, y esto es lo que vamos a reforzar\u201d. La secuela alterar\u00e1 su enfoque para que conozcamos mejor al hombre detr\u00e1s de la m\u00e1scara, algo que ha terminado afectando a qui\u00e9n ser\u00e1 el villano con el que se enfrente Batman. Y es ah\u00ed donde Reeves se ha puesto m\u00e1s enigm\u00e1tico.<\/p>\n<p class=\"c-paragraph\">\u00bfPor qu\u00e9? Porque a este villano <b>\u201cnunca se le ha visto antes en una pel\u00edcula\u201d<\/b>. Ha habido multitud de pel\u00edculas de Batman hasta la fecha, con lo que esta revelaci\u00f3n da que pensar. Reeves no ha dado m\u00e1s detalles, as\u00ed que por ahora este es el mayor misterio que acompa\u00f1a el\u00a0desarrollo de The Batman: Parte II. Es el momento de que los fans especulen.<\/p>\n","protected":false},"excerpt":{"rendered":"La secuela de The Batman va a hacerse esperar. Estrenada en 2022, este film encandil\u00f3 a cr\u00edtica y&hellip;\n","protected":false},"author":2,"featured_media":129430,"comment_status":"","ping_status":"","sticky":false,"template":"","format":"standard","meta":{"footnotes":""},"categories":[169],"tags":[177,3006,146,147,25,24,41650,176,4207,22216,175,32367,23],"class_list":{"0":"post-129429","1":"post","2":"type-post","3":"status-publish","4":"format-standard","5":"has-post-thumbnail","7":"category-cine","8":"tag-cine","9":"tag-desata","10":"tag-entertainment","11":"tag-entretenimiento","12":"tag-es","13":"tag-espana","14":"tag-especulaciones","15":"tag-film","16":"tag-las","17":"tag-matt","18":"tag-movies","19":"tag-reeves","20":"tag-spain"},"share_on_mastodon":{"url":"","error":""},"_links":{"self":[{"href":"https:\/\/www.europesays.com\/es\/wp-json\/wp\/v2\/posts\/129429","targetHints":{"allow":["GET"]}}],"collection":[{"href":"https:\/\/www.europesays.com\/es\/wp-json\/wp\/v2\/posts"}],"about":[{"href":"https:\/\/www.europesays.com\/es\/wp-json\/wp\/v2\/types\/post"}],"author":[{"embeddable":true,"href":"https:\/\/www.europesays.com\/es\/wp-json\/wp\/v2\/users\/2"}],"replies":[{"embeddable":true,"href":"https:\/\/www.europesays.com\/es\/wp-json\/wp\/v2\/comments?post=129429"}],"version-history":[{"count":0,"href":"https:\/\/www.europesays.com\/es\/wp-json\/wp\/v2\/posts\/129429\/revisions"}],"wp:featuredmedia":[{"embeddable":true,"href":"https:\/\/www.europesays.com\/es\/wp-json\/wp\/v2\/media\/129430"}],"wp:attachment":[{"href":"https:\/\/www.europesays.com\/es\/wp-json\/wp\/v2\/media?parent=129429"}],"wp:term":[{"taxonomy":"category","embeddable":true,"href":"https:\/\/www.europesays.com\/es\/wp-json\/wp\/v2\/categories?post=129429"},{"taxonomy":"post_tag","embeddable":true,"href":"https:\/\/www.europesays.com\/es\/wp-json\/wp\/v2\/tags?post=129429"}],"curies":[{"name":"wp","href":"https:\/\/api.w.org\/{rel}","templated":true}]}}