{"id":129431,"date":"2025-09-21T11:26:11","date_gmt":"2025-09-21T11:26:11","guid":{"rendered":"https:\/\/www.europesays.com\/es\/129431\/"},"modified":"2025-09-21T11:26:11","modified_gmt":"2025-09-21T11:26:11","slug":"nuestro-filial-busca-el-triunfo-en-tajonar","status":"publish","type":"post","link":"https:\/\/www.europesays.com\/es\/129431\/","title":{"rendered":"nuestro filial busca el triunfo en Tajonar"},"content":{"rendered":"<p>Segundo compromiso de esta semana para el <b>Real Madrid Castilla. <\/b>Los jugadores de <b>Arbeloa <\/b>se enfrentan a domicilio al Osasuna B, en el encuentro correspondiente a la 4\u00aa jornada del Grupo I de la <b>Primera Federaci\u00f3n, <\/b>que se disputar\u00e1 en Tajonar (12:00 h; Football Club y LaLiga+).<\/p>\n<p>El objetivo de nuestro filial ser\u00e1 conseguir la segunda victoria en <b>Liga<\/b>, y la primera a domicilio, en lo que ser\u00e1 su cuarto partido en doce d\u00edas. Todo ello antes de afrontar un exigente duelo liguero en la pr\u00f3xima jornada contra el Tenerife, que es el l\u00edder actual.<\/p>\n<p><b>Osasuna B<br \/><\/b>Nuestro rival llega a esta jornada en la 11\u00aa posici\u00f3n en la tabla, con 4 puntos. El conjunto navarro registra una victoria, un empate y una derrota. En su duelo m\u00e1s reciente perdi\u00f3 a domicilio ante el Avil\u00e9s (2-1).\u00a0<\/p>\n","protected":false},"excerpt":{"rendered":"Segundo compromiso de esta semana para el Real Madrid Castilla. Los jugadores de Arbeloa se enfrentan a domicilio&hellip;\n","protected":false},"author":2,"featured_media":107148,"comment_status":"","ping_status":"","sticky":false,"template":"","format":"standard","meta":{"footnotes":""},"categories":[93],"tags":[168,25,24,23,167],"class_list":{"0":"post-129431","1":"post","2":"type-post","3":"status-publish","4":"format-standard","5":"has-post-thumbnail","7":"category-deportes","8":"tag-deportes","9":"tag-es","10":"tag-espana","11":"tag-spain","12":"tag-sports"},"share_on_mastodon":{"url":"","error":""},"_links":{"self":[{"href":"https:\/\/www.europesays.com\/es\/wp-json\/wp\/v2\/posts\/129431","targetHints":{"allow":["GET"]}}],"collection":[{"href":"https:\/\/www.europesays.com\/es\/wp-json\/wp\/v2\/posts"}],"about":[{"href":"https:\/\/www.europesays.com\/es\/wp-json\/wp\/v2\/types\/post"}],"author":[{"embeddable":true,"href":"https:\/\/www.europesays.com\/es\/wp-json\/wp\/v2\/users\/2"}],"replies":[{"embeddable":true,"href":"https:\/\/www.europesays.com\/es\/wp-json\/wp\/v2\/comments?post=129431"}],"version-history":[{"count":0,"href":"https:\/\/www.europesays.com\/es\/wp-json\/wp\/v2\/posts\/129431\/revisions"}],"wp:featuredmedia":[{"embeddable":true,"href":"https:\/\/www.europesays.com\/es\/wp-json\/wp\/v2\/media\/107148"}],"wp:attachment":[{"href":"https:\/\/www.europesays.com\/es\/wp-json\/wp\/v2\/media?parent=129431"}],"wp:term":[{"taxonomy":"category","embeddable":true,"href":"https:\/\/www.europesays.com\/es\/wp-json\/wp\/v2\/categories?post=129431"},{"taxonomy":"post_tag","embeddable":true,"href":"https:\/\/www.europesays.com\/es\/wp-json\/wp\/v2\/tags?post=129431"}],"curies":[{"name":"wp","href":"https:\/\/api.w.org\/{rel}","templated":true}]}}