{"id":129432,"date":"2025-09-21T11:27:08","date_gmt":"2025-09-21T11:27:08","guid":{"rendered":"https:\/\/www.europesays.com\/es\/129432\/"},"modified":"2025-09-21T11:27:08","modified_gmt":"2025-09-21T11:27:08","slug":"los-canarios-con-sospechas-de-alzheimer-tardan-hasta-un-ano-en-visitar-al-primer-especialista","status":"publish","type":"post","link":"https:\/\/www.europesays.com\/es\/129432\/","title":{"rendered":"Los canarios con sospechas de alzh\u00e9imer tardan hasta un a\u00f1o en visitar al primer especialista"},"content":{"rendered":"<p class=\"ft-text ft-helper-closenews\">Un total de <strong>6.482 personas padecen alzh\u00e9imer en <\/strong><a class=\"ft-link ft-link--decoration\" href=\"https:\/\/www.eldia.es\/canarias\/\" rel=\"nofollow noopener\" target=\"_blank\"><strong>Canarias<\/strong><\/a><strong>.<\/strong> Antes de llegar a este diagn\u00f3stico, los pacientes con sospechas deben enfrentarse a dos barreras importantes: las <strong>largas listas de espera <\/strong>y la<strong> escasa coordinaci\u00f3n entre niveles asistenciales.<\/strong> Como consecuencia, muchos de estos isle\u00f1os tardan hasta un a\u00f1o en visitar al primer especialista. Esta es una de las conclusiones que se extraen de dos estudios <strong>\u2013<\/strong><strong>mapEA y Alma-Care<\/strong> presentados por la farmac\u00e9utica Lilly, en los que han participado 140 expertos de diferentes especialidades y de todas las regiones de Espa\u00f1a, diez de ellos procedentes del<strong> Archipi\u00e9lago.<\/strong><\/p>\n<p class=\"ft-text\">El alzh\u00e9imer es una<strong> enfermedad neurodegenerativa<\/strong>, por lo que desde que aparecen los primeros s\u00edntomas el paciente comienza una <strong>carrera contrarreloj.<\/strong> Casi un tercio de las personas que sufre un deterioro cognitivo o una demencia leve <strong>progresa al siguiente estadio cl\u00ednico<\/strong> de la enfermedad <strong>en un a\u00f1o.<\/strong><\/p>\n<p class=\"ft-text\">En Canarias, todos los expertos consultados en el proyecto mapEA coinciden en que las principales trabas para obtener un diagn\u00f3stico temprano y preciso son la falta de tiempo en consulta y el poco conocimiento de la patolog\u00eda por parte de los profesionales sanitarios. A estos impedimentos, se suman tambi\u00e9n las limitaciones en las infraestructuras del sistema y la <strong>reticencia de pacientes y familiares (62,5%)<\/strong>.<\/p>\n<p class=\"ft-text\">Asimismo, aunque los profesionales indican que existe un protocolo de derivaci\u00f3n desde Atenci\u00f3n Primaria hacia <strong>Neurolog\u00eda o Geriatr\u00eda, <\/strong>siete de cada diez encuestados destacan que no es f\u00e1cil aplicarlo: la espera para la derivaci\u00f3n tras la sospecha en Atenci\u00f3n Primaria supera los seis meses, a los que se suman hasta otros seis m\u00e1s para la primera consulta hospitalaria. Asimismo, el 45% de los participantes considera<strong> insuficiente la informaci\u00f3n<\/strong> en fases iniciales, y el 56% detecta carencias en la planificaci\u00f3n de decisiones anticipadas.<\/p>\n<p>Regiones peor paradas<\/p>\n<p class=\"ft-text\">El director cient\u00edfico del Centro de Investigaci\u00f3n y Cl\u00ednica Memoria de la Fundaci\u00f3n CITA-Alzheimer, <strong>Pablo Mart\u00ednez<\/strong>, sostiene que<strong> el c\u00f3digo postal influye <\/strong>en el acceso a un diagn\u00f3stico a tiempo y certero. \u00abEn Espa\u00f1a hay zonas en las que la coordinaci\u00f3n entre Atenci\u00f3n Primaria, la atenci\u00f3n especializada y, m\u00e1s a\u00fan, la atenci\u00f3n superespecializada en deterioro cognitivo, es m\u00e1s \u00e1gil y eficaz que en otras\u00bb, argumenta.<\/p>\n<p class=\"ft-text\">En este sentido, el facultativo resalta que <strong>el diagn\u00f3stico ha mejorado <\/strong>de manera notable en la \u00faltima d\u00e9cada, pero defiende que a\u00fan queda mucho trabajo por hacer para acercar a la poblaci\u00f3n los avances en la investigaci\u00f3n.<\/p>\n<p>Esfuerzo de la Consejer\u00eda<\/p>\n<p class=\"ft-text\">La <strong>Consejer\u00eda de Sanidad,<\/strong> por su parte, no quiere quedarse atr\u00e1s y subraya que ha puesto en marcha diversas herramientas para mejorar la prevenci\u00f3n y la detecci\u00f3n precoz de esta afecci\u00f3n. La m\u00e1s reciente, la <strong>Estrategia de enfermedades neurodegenerativas de Canarias 2025-2028<\/strong>, un documento cient\u00edfico y t\u00e9cnico, elaborado en conjunto por un equipo del Servicio Canario de Salud (<a class=\"ft-link ft-link--decoration\" href=\"https:\/\/www.eldia.es\/tags\/servicio-canario-de-salud\/\" rel=\"nofollow noopener\" target=\"_blank\">SCS<\/a>) y por asociaciones de pacientes, en el que se establece el marco de actuaci\u00f3n a desarrollar en los diferentes niveles asistenciales de la sanidad p\u00fablica.<\/p>\n<p class=\"ft-text\">En la misma l\u00ednea, se\u00f1alan que, a nivel asistencial, el seguimiento se lleva a cabo de manera coordinada entre <strong>Atenci\u00f3n Primaria y Atenci\u00f3n Hospitalaria.<\/strong> As\u00ed, desde el momento del diagn\u00f3stico, el equipo del SCS debe dise\u00f1ar un plan individualizado de atenci\u00f3n para cada paciente, que incluya indicaciones terap\u00e9uticas, valoraciones y evaluaciones integrales. Para atender a estos pacientes, los sanitarios cuentan tambi\u00e9n con el Manual de Actuaci\u00f3n en la Enfermedad de Alzheimer y otras demencias.<\/p>\n<p class=\"ft-text\">Pese a los esfuerzos hechos por la Consejer\u00eda en los \u00faltimos a\u00f1os, los profesionales encuestados en el estudio MapEA aseguran que la mayor\u00eda de las herramientas identificadas en Canarias tienen <strong>m\u00e1s de cinco a\u00f1os de antig\u00fcedad<\/strong> y apenas han sido actualizadas. En una l\u00ednea similar, perciben que las herramientas nacionales se implementan poco y se conocen poco.<\/p>\n<p>M\u00e1s recursos<\/p>\n<p class=\"ft-text\">Eso s\u00ed, el informe resalta que, en comparaci\u00f3n con 2017, el Archipi\u00e9lago ha experimentado un notable incremento en los recursos tecnol\u00f3gicos de salud: el n\u00famero de TACs ha aumentado de 33 a 40, los RMs de 24 a 39, los SPECT de 6 a 13 y los PET de 3 a 5. Aunque los sanitarios encuestados consideran que es necesario <strong>maximizar el uso de las m\u00e1quinas<\/strong> disponibles.<\/p>\n<p class=\"ft-text\">Este grupo de expertos \u2013entre los que se incluyen el <strong>presidente de Alzheimer Canarias<\/strong>, m\u00e9dicos de familia de centros de salud de las Islas, neur\u00f3logos de hospitales p\u00fablicos y centros privados, psiquiatras y trabajadores sociales, entre otros perfiles\u2013 tambi\u00e9n han lanzado una serie de recomendaciones para mejorar el abordaje de la enfermedad en el territorio insular. Seg\u00fan recoge el documento, lo ideal ser\u00eda alcanzar una mayor sensibilizaci\u00f3n y m\u00e1s conocimiento sobre la afecci\u00f3n en Atenci\u00f3n Primaria, as\u00ed como lograr un mayor acceso a tratamientos no farmacol\u00f3gicos.<\/p>\n<p class=\"ft-text\">Entre los retos pendientes, resaltan tambi\u00e9n la <strong>disminuci\u00f3n de los tiempos de espera, <\/strong>la agilizaci\u00f3n de procesos burocr\u00e1ticos y el seguimiento en etapas avanzadas ante la falta de acceso a equipos especializados en dar continuidad a la atenci\u00f3n, como podr\u00edan ser geriatr\u00eda o cuidados paliativos.<\/p>\n<p>La enfermedad en datos<\/p>\n<p class=\"ft-text\">Hoy en d\u00eda, la enfermedad de Alzheimer afecta a<strong> 6,9 millones de personas en Europa<\/strong>. Para 2050 se espera que esta cifra pr\u00e1cticamente se duplique debido al creciente envejecimiento de la poblaci\u00f3n. Aunque hacerse mayor sea el principal riesgo, se han identificado algunos factores gen\u00e9ticos o ambientales que podr\u00edan estar implicados en el desarrollo de este tipo de enfermedades. La probabilidad de padecerlo tambi\u00e9n es mayor en<strong> fumadores <\/strong>o en aquellos pacientes con <strong>hipertensi\u00f3n arterial,<\/strong> <strong>dislipemias, diabetes, problemas de tiroides<\/strong>, <strong>depresi\u00f3n<\/strong>, <strong>anemia<\/strong> o hiperhomocisteinemia.<\/p>\n<p class=\"ft-text\">En Canarias, el n\u00famero de casos diagnosticados (6.482) ha experimentado un ligero incremento con respecto al a\u00f1o <strong>2023<\/strong>, en el que la prevalencia se situaba en<strong> 6.371 personas.<\/strong><\/p>\n<p class=\"ft-text\">Por sexos, el<strong> 72,2% <\/strong>de las personas que padecen la enfermedad en las Islas son <strong>mujeres,<\/strong> frente al 27,8% de hombres. Asimismo, los datos compartidos por Sanidad revelan que el <strong>96,6% <\/strong>de los isle\u00f1os con alzh\u00e9imer diagnosticado tienen <strong>m\u00e1s de 65 a\u00f1os.<\/strong><\/p>\n<p class=\"ft-text\">El alzh\u00e9imer es el tipo de demencia m\u00e1s frecuente. En cuanto al resto de estas patolog\u00edas, en el a\u00f1o 2023 la prevalencia se situaba en <strong>11.993 personas. <\/strong>Del total de casos identificados en las Islas, el<strong> 68,87% son mujeres<\/strong> y el 31,13% hombres.<\/p>\n<p data-close=\"closedContent\" class=\"subscribeHideForDisplay\">Suscr\u00edbete para seguir leyendo<\/p>\n","protected":false},"excerpt":{"rendered":"Un total de 6.482 personas padecen alzh\u00e9imer en Canarias. Antes de llegar a este diagn\u00f3stico, los pacientes con&hellip;\n","protected":false},"author":2,"featured_media":129433,"comment_status":"","ping_status":"","sticky":false,"template":"","format":"standard","meta":{"footnotes":""},"categories":[92],"tags":[3350,1611,31365,1896,29067,41653,25,24,165,20244,166,16587,41651,23,41652],"class_list":{"0":"post-129432","1":"post","2":"type-post","3":"status-publish","4":"format-standard","5":"has-post-thumbnail","7":"category-salud","8":"tag-alzheimer","9":"tag-ano","10":"tag-atencion-primaria","11":"tag-canarias","12":"tag-canarios","13":"tag-consejeria","14":"tag-es","15":"tag-espana","16":"tag-health","17":"tag-las-islas","18":"tag-salud","19":"tag-sanitarios","20":"tag-sospechas","21":"tag-spain","22":"tag-tardan"},"share_on_mastodon":{"url":"","error":""},"_links":{"self":[{"href":"https:\/\/www.europesays.com\/es\/wp-json\/wp\/v2\/posts\/129432","targetHints":{"allow":["GET"]}}],"collection":[{"href":"https:\/\/www.europesays.com\/es\/wp-json\/wp\/v2\/posts"}],"about":[{"href":"https:\/\/www.europesays.com\/es\/wp-json\/wp\/v2\/types\/post"}],"author":[{"embeddable":true,"href":"https:\/\/www.europesays.com\/es\/wp-json\/wp\/v2\/users\/2"}],"replies":[{"embeddable":true,"href":"https:\/\/www.europesays.com\/es\/wp-json\/wp\/v2\/comments?post=129432"}],"version-history":[{"count":0,"href":"https:\/\/www.europesays.com\/es\/wp-json\/wp\/v2\/posts\/129432\/revisions"}],"wp:featuredmedia":[{"embeddable":true,"href":"https:\/\/www.europesays.com\/es\/wp-json\/wp\/v2\/media\/129433"}],"wp:attachment":[{"href":"https:\/\/www.europesays.com\/es\/wp-json\/wp\/v2\/media?parent=129432"}],"wp:term":[{"taxonomy":"category","embeddable":true,"href":"https:\/\/www.europesays.com\/es\/wp-json\/wp\/v2\/categories?post=129432"},{"taxonomy":"post_tag","embeddable":true,"href":"https:\/\/www.europesays.com\/es\/wp-json\/wp\/v2\/tags?post=129432"}],"curies":[{"name":"wp","href":"https:\/\/api.w.org\/{rel}","templated":true}]}}