{"id":129436,"date":"2025-09-21T11:29:12","date_gmt":"2025-09-21T11:29:12","guid":{"rendered":"https:\/\/www.europesays.com\/es\/129436\/"},"modified":"2025-09-21T11:29:12","modified_gmt":"2025-09-21T11:29:12","slug":"alarma-en-los-iphone-17-pro-este-fallo-de-diseno-puede-arruinar-tu-movil-si-no-pones-medidas","status":"publish","type":"post","link":"https:\/\/www.europesays.com\/es\/129436\/","title":{"rendered":"Alarma en los iPhone 17 Pro: este fallo de dise\u00f1o puede arruinar tu m\u00f3vil si no pones medidas"},"content":{"rendered":"<p class=\"\">Los iPhone 17 ya est\u00e1n en el mercado y con ellos la promesa de una nueva evoluci\u00f3n de cara al pr\u00f3ximo a\u00f1o. <a href=\"https:\/\/as.com\/meristation\/betech\/asi-son-los-nuevos-iphone-17-precio-colores-camara-y-todo-lo-que-necesitas-saber-de-lo-nuevo-de-apple-n\/\" target=\"_self\" rel=\"nofollow noopener\" title=\"https:\/\/as.com\/meristation\/betech\/asi-son-los-nuevos-iphone-17-precio-colores-camara-y-todo-lo-que-necesitas-saber-de-lo-nuevo-de-apple-n\/\">Los modelos de este 2025 presentan notorios cambios a nivel de dise\u00f1o<\/a>, especialmente en los Pro y Pro Max. <b>Ese nuevo m\u00f3dulo rectangular para la c\u00e1mara es el que m\u00e1s problemas de cabeza est\u00e1 dando a los usuarios<\/b>.<\/p>\n<p><b>El problema del chasis de los iPhone 17 Pro: usa funda<\/b><\/p>\n<p class=\"\">Todo tiene que ver entre los usuarios que no usan funda para proteger su dispositivo. Al ser un <a href=\"https:\/\/as.com\/meristation\/noticias\/presentacion-iphone-17-y-apple-watch-en-directo-precio-modelos-y-resto-de-novedades-del-apple-keynote-2025-en-vivo-n\/\" target=\"_self\" rel=\"nofollow noopener\" title=\"https:\/\/as.com\/meristation\/noticias\/presentacion-iphone-17-y-apple-watch-en-directo-precio-modelos-y-resto-de-novedades-del-apple-keynote-2025-en-vivo-n\/\">m\u00f3dulo pronunciado por la parte superior trasera del chasis<\/a>, cuando lo colocas sobre superficies se posa sobre ella junto a los objetivos de las c\u00e1maras. <b>Si no tienes cuidado puedes rayar los bordes de su cuerpo de aluminio<\/b>.<\/p>\n<p class=\"\">El problema es m\u00e1s acusado en el color \u2018naranja c\u00f3smico\u2019. En Reddit <a href=\"https:\/\/www.reddit.com\/r\/iphone\/comments\/1nlelk5\/aluminum_body_and_sharp_edges_do_not_mix\/\" target=\"_self\" rel=\"nofollow noopener\" title=\"https:\/\/www.reddit.com\/r\/iphone\/comments\/1nlelk5\/aluminum_body_and_sharp_edges_do_not_mix\/\">los usuarios est\u00e1n publicando posts<\/a> en el que animan al resto de compa\u00f1eros de red a que pongan una funda en su m\u00f3vil si no quieren encontrarse con esta desagradable sorpresa. Estos rayones no solo se deben al dise\u00f1o, <b>sino al cambio del material del chasis<\/b>, que ha pasado de titanio a aluminio. El elegido cuenta con menor dureza y resistencia frente al material utilizado en los modelos premium del iPhone 15 y 16.<\/p>\n<p class=\"\">Esta modificaci\u00f3n se debe principalmente por el <b>uso de la c\u00e1mara de vapor<\/b> en su interior como disipador principal del dispositivo. El aluminio es un mejor conductor t\u00e9rmico que el resto de opciones utilizadas por Apple hasta el momento. Pese a este peque\u00f1o inconveniente, lo cierto es que la disipaci\u00f3n es much\u00edsimo mejor aqu\u00ed que en anteriores ocasiones: logra reducir cerca de 10 grados el tope de calor que alcanzaban los modelos anteriores.<\/p>\n<p class=\"\"><b>Las soluciones de protecci\u00f3n por parte de la marca no son precisamente baratas<\/b>. Van desde la funda de trenzado t\u00e9cnico con MagSafe por 69 euros, hasta la funda transparente (o silicona) con MagSage por 59 euros. Empresas de terceros cuentan con otras alternativas propias a diferentes precios.<\/p>\n<p>Noticias relacionadas<\/p>\n<p class=\"\">Sigue el <a href=\"https:\/\/twitter.com\/MeriStation?s=20\" target=\"_blank\" rel=\"noopener nofollow\">canal de MeriStation en Twitter<\/a>. Tu web de videojuegos y de entretenimiento, para conocer todas las noticias, novedades y \u00faltima hora sobre el mundo del videojuego, cine, series, manga y anime. Avances, an\u00e1lisis, entrevistas, tr\u00e1ileres, gameplays, podcasts y mucho m\u00e1s.<\/p>\n<p class=\"\">\u00a1Suscr\u00edbete! Si est\u00e1s interesado en licenciar este contenido, pincha <a href=\"https:\/\/profesional.elpais.com\/soluciones-sindicacion?utm_medium=interno&amp;utm_source=crosslinking&amp;utm_campaign=sindicacion_as_pie_articulos\" target=\"_blank\" rel=\"nofollow noopener\" title=\"https:\/\/profesional.elpais.com\/soluciones-sindicacion?utm_medium=interno&amp;utm_source=crosslinking&amp;utm_campaign=sindicacion_as_pie_articulos\">aqu\u00ed<\/a>.<\/p>\n<p><script async src=\"https:\/\/platform.twitter.com\/widgets.js\" charset=\"utf-8\"><\/script><\/p>\n","protected":false},"excerpt":{"rendered":"Los iPhone 17 ya est\u00e1n en el mercado y con ellos la promesa de una nueva evoluci\u00f3n de&hellip;\n","protected":false},"author":2,"featured_media":129437,"comment_status":"","ping_status":"","sticky":false,"template":"","format":"standard","meta":{"footnotes":""},"categories":[81],"tags":[119,123,124,25,24,117,121,122,23,118,120],"class_list":{"0":"post-129436","1":"post","2":"type-post","3":"status-publish","4":"format-standard","5":"has-post-thumbnail","7":"category-ciencia-y-tecnologia","8":"tag-ciencia","9":"tag-ciencia-y-tecnologia","10":"tag-cienciaytecnologia","11":"tag-es","12":"tag-espana","13":"tag-science","14":"tag-science-and-technology","15":"tag-scienceandtechnology","16":"tag-spain","17":"tag-technology","18":"tag-tecnologia"},"share_on_mastodon":{"url":"","error":""},"_links":{"self":[{"href":"https:\/\/www.europesays.com\/es\/wp-json\/wp\/v2\/posts\/129436","targetHints":{"allow":["GET"]}}],"collection":[{"href":"https:\/\/www.europesays.com\/es\/wp-json\/wp\/v2\/posts"}],"about":[{"href":"https:\/\/www.europesays.com\/es\/wp-json\/wp\/v2\/types\/post"}],"author":[{"embeddable":true,"href":"https:\/\/www.europesays.com\/es\/wp-json\/wp\/v2\/users\/2"}],"replies":[{"embeddable":true,"href":"https:\/\/www.europesays.com\/es\/wp-json\/wp\/v2\/comments?post=129436"}],"version-history":[{"count":0,"href":"https:\/\/www.europesays.com\/es\/wp-json\/wp\/v2\/posts\/129436\/revisions"}],"wp:featuredmedia":[{"embeddable":true,"href":"https:\/\/www.europesays.com\/es\/wp-json\/wp\/v2\/media\/129437"}],"wp:attachment":[{"href":"https:\/\/www.europesays.com\/es\/wp-json\/wp\/v2\/media?parent=129436"}],"wp:term":[{"taxonomy":"category","embeddable":true,"href":"https:\/\/www.europesays.com\/es\/wp-json\/wp\/v2\/categories?post=129436"},{"taxonomy":"post_tag","embeddable":true,"href":"https:\/\/www.europesays.com\/es\/wp-json\/wp\/v2\/tags?post=129436"}],"curies":[{"name":"wp","href":"https:\/\/api.w.org\/{rel}","templated":true}]}}