{"id":129445,"date":"2025-09-21T11:34:09","date_gmt":"2025-09-21T11:34:09","guid":{"rendered":"https:\/\/www.europesays.com\/es\/129445\/"},"modified":"2025-09-21T11:34:09","modified_gmt":"2025-09-21T11:34:09","slug":"es-la-primera-vez-que-juego-en-casa-con-tanto-publico-y-ha-sido-emocionante","status":"publish","type":"post","link":"https:\/\/www.europesays.com\/es\/129445\/","title":{"rendered":"\u201cEs la primera vez que juego en casa con tanto p\u00fablico y ha sido emocionante\u201d"},"content":{"rendered":"<p class=\"paragraph-atom &#10;        A-500-300-700-N A-550-300-700-N--md  \"><strong>Astander Astillero.<\/strong> Dieron un golpe de autoridad en el partido contra Asafa, sab\u00edamos que hoy iba a ser un encuentro complicado. Vinieron con las ideas claras y nos lo han demostrado.<\/p>\n<p class=\"paragraph-atom &#10;        A-500-300-700-N A-550-300-700-N--md  \"><strong>Valoraci\u00f3n del partido.<\/strong> El partido estuvo igualado. Tuvimos dos momentos clave, al final de la primera parte y al inicio de la segunda, en los que pudimos romperlo, pero no supimos aprovecharlos. Ellos empezaron a hacer da\u00f1o con los contraataques, nos precipitamos en algunas acciones y, al final, todo se decidi\u00f3 por detalles.<\/p>\n<p class=\"paragraph-atom &#10;        A-500-300-700-N A-550-300-700-N--md  \">Es cierto que defendimos a rachas. Nos cost\u00f3 ajustarnos al inicio, sab\u00edamos lo que iban a hacer, pero no est\u00e1bamos todos en la misma l\u00ednea. Eso les dio facilidades. Cuando conseguimos cerrar bien con el pivote, logramos algunas buenas defensas, pero nos falt\u00f3 regularidad.<\/p>\n<p class=\"paragraph-atom &#10;        A-500-300-700-N A-550-300-700-N--md  \"><strong>Afici\u00f3n del \u00c1ngel Nieto.<\/strong> Ha sido incre\u00edble. Hoy ha venido mucha gente; es la primera vez que juego en casa con tanto p\u00fablico y ha sido realmente emocionante.<\/p>\n","protected":false},"excerpt":{"rendered":"Astander Astillero. Dieron un golpe de autoridad en el partido contra Asafa, sab\u00edamos que hoy iba a ser&hellip;\n","protected":false},"author":2,"featured_media":129446,"comment_status":"","ping_status":"","sticky":false,"template":"","format":"standard","meta":{"footnotes":""},"categories":[278],"tags":[2594,376,168,25,24,375,41657,2224,3881,41656,23,167],"class_list":{"0":"post-129445","1":"post","2":"type-post","3":"status-publish","4":"format-standard","5":"has-post-thumbnail","7":"category-balonmano","8":"tag-angel","9":"tag-balonmano","10":"tag-deportes","11":"tag-es","12":"tag-espana","13":"tag-handball","14":"tag-impresionado","15":"tag-jorge","16":"tag-nieto","17":"tag-oseguera","18":"tag-spain","19":"tag-sports"},"share_on_mastodon":{"url":"","error":""},"_links":{"self":[{"href":"https:\/\/www.europesays.com\/es\/wp-json\/wp\/v2\/posts\/129445","targetHints":{"allow":["GET"]}}],"collection":[{"href":"https:\/\/www.europesays.com\/es\/wp-json\/wp\/v2\/posts"}],"about":[{"href":"https:\/\/www.europesays.com\/es\/wp-json\/wp\/v2\/types\/post"}],"author":[{"embeddable":true,"href":"https:\/\/www.europesays.com\/es\/wp-json\/wp\/v2\/users\/2"}],"replies":[{"embeddable":true,"href":"https:\/\/www.europesays.com\/es\/wp-json\/wp\/v2\/comments?post=129445"}],"version-history":[{"count":0,"href":"https:\/\/www.europesays.com\/es\/wp-json\/wp\/v2\/posts\/129445\/revisions"}],"wp:featuredmedia":[{"embeddable":true,"href":"https:\/\/www.europesays.com\/es\/wp-json\/wp\/v2\/media\/129446"}],"wp:attachment":[{"href":"https:\/\/www.europesays.com\/es\/wp-json\/wp\/v2\/media?parent=129445"}],"wp:term":[{"taxonomy":"category","embeddable":true,"href":"https:\/\/www.europesays.com\/es\/wp-json\/wp\/v2\/categories?post=129445"},{"taxonomy":"post_tag","embeddable":true,"href":"https:\/\/www.europesays.com\/es\/wp-json\/wp\/v2\/tags?post=129445"}],"curies":[{"name":"wp","href":"https:\/\/api.w.org\/{rel}","templated":true}]}}