{"id":129468,"date":"2025-09-21T11:49:09","date_gmt":"2025-09-21T11:49:09","guid":{"rendered":"https:\/\/www.europesays.com\/es\/129468\/"},"modified":"2025-09-21T11:49:09","modified_gmt":"2025-09-21T11:49:09","slug":"el-levante-ud-adelanta-la-venta-de-entradas-para-todos-los-partidos-de-2025-levante-ud","status":"publish","type":"post","link":"https:\/\/www.europesays.com\/es\/129468\/","title":{"rendered":"El Levante UD adelanta la venta de entradas para todos los partidos de 2025 | Levante UD"},"content":{"rendered":"<p>El Levante UD <a style=\"color: rgb(0, 0, 238);\" href=\"https:\/\/www.levanteud.com\/noticias\/conoce-las-ventajas-del-nuevo-sistema-de-liberacion-de-asientos\" target=\"_blank\" rel=\"noopener nofollow\">ha puesto\u00a0a la venta las entradas para <\/a><a style=\"color: rgb(0, 0, 238);\" href=\"https:\/\/www.levanteud.com\/noticias\/conoce-las-ventajas-del-nuevo-sistema-de-liberacion-de-asientos\" target=\"_blank\" rel=\"noopener nofollow\">todos los partidos <\/a>que el club dispute en el estadio Ciutat de Val\u00e8ncia hasta el 21 de diciembre, independientemente de que los horarios oficiales est\u00e9n publicados. Con esta medida, el club se suma a la iniciativa de otras entidades de adelantar la venta de entradas, con el objetivo de facilitar a los abonados la liberaci\u00f3n de sus asientos con mayor antelaci\u00f3n y, al mismo tiempo, optimizar los ingresos por taquilla.<\/p>\n<p style=\"text-align: justify;\" data-start=\"104\" data-end=\"572\">La nueva pol\u00edtica de venta de entradas del Levante UD (ver esquema de puntos clave al final de la noticia) introduce varios cambios que conviene tener en cuenta. A partir de ahora <strong>no se contemplar\u00e1n devoluciones,<\/strong> por lo que es importante revisar bien las condiciones de compra antes de adquirir una localidad. Esto afecta tanto a los encuentros que todav\u00eda no tengan fecha confirmada como a los posibles cambios en el calendario, de manera que solo se devolver\u00e1 el importe en caso de cancelaci\u00f3n definitiva del partido.<\/p>\n<p style=\"text-align: justify;\" data-start=\"574\" data-end=\"1003\">Otra de las novedades e<strong>s la <a style=\"color: rgb(0, 0, 238);\" href=\"https:\/\/www.levanteud.com\/noticias\/conoce-las-ventajas-del-nuevo-sistema-de-liberacion-de-asientos\" target=\"_blank\" rel=\"noopener nofollow\">liberaci\u00f3n de asiento<\/a><\/strong>: si un abonado pone a disposici\u00f3n su localidad y esta se vende, no podr\u00e1 recuperarla. Tambi\u00e9n se incorpora un sistema de precios din\u00e1micos, que har\u00e1 que el coste de las entradas var\u00ede seg\u00fan la demanda y la cercan\u00eda de la cita deportiva. En general, los precios tender\u00e1n a subir, aunque se lanzar\u00e1n <strong>promociones exclusivas dirigidas a las personas abonadas<\/strong> en momentos concretos.<\/p>\n<p style=\"text-align: justify;\" data-start=\"1005\" data-end=\"1318\">En cuanto a los descuentos, el club ampl\u00eda las ventajas en dos encuentros se\u00f1alados. Frente al <strong><a style=\"color: rgb(0, 0, 238);\" href=\"https:\/\/ticketing.levanteud.com\/es\/liga-ea-sports\/valencia\/levante-ud-vs-rayo-vallecano\" target=\"_blank\" rel=\"noopener nofollow\">Rayo Vallecano<\/a> y el <a href=\"https:\/\/ticketing.levanteud.com\/es\/liga-ea-sports\/valencia\/levante-ud-vs-rc-celta-de-vigo\" target=\"_blank\" rel=\"noopener nofollow\">RC Celta<\/a>, la rebaja pasa del 15% al 25%, <\/strong>permitiendo a cada abonado o abonada adquirir hasta dos entradas con este beneficio. Para el resto de partidos, se mantendr\u00e1 el descuento habitual del 15%.<\/p>\n<p class=\"MsoNormal\" style=\"text-align: justify;\"><strong>Entradas ya a la venta<\/strong><\/p>\n<p class=\"MsoNormal\" style=\"text-align: justify;\">Las entradas podr\u00e1n adquirirse <a href=\"https:\/\/www.levanteud.com\/noticias\/conoce-las-ventajas-del-nuevo-sistema-de-liberacion-de-asientos\" target=\"_blank\" rel=\"noopener nofollow\"><strong>online a trav\u00e9s de Tickelio<\/strong><\/a> o <strong>de forma presencial en la <a style=\"color: rgb(0, 0, 238);\" href=\"https:\/\/www.levanteud.com\/tenda-granota-estadio\" target=\"_blank\" rel=\"noopener nofollow\">Tienda Oficial del club<\/a><\/strong>.<\/p>\n<p class=\"MsoNormal\" style=\"text-align: justify;\"><strong>Pol\u00edtica infantil y juvenil<\/strong><\/p>\n<p class=\"MsoNormal\" style=\"text-align: justify;\">El Levante UD recuerda que las <strong>entradas infantiles (5-14 a\u00f1os)<\/strong> y <strong>juveniles (15-25 a\u00f1os)<\/strong> tienen <strong>precios reducidos<\/strong> y son de <strong>uso exclusivo para personas de esas franjas de edad<\/strong>, debiendo presentar un <strong>documento de identidad que acredite la edad<\/strong> en el acceso al estadio.\u00a0<\/p>\n<p class=\"MsoNormal\" style=\"text-align: justify;\"><strong>Recuerda:\u00a0<a href=\"https:\/\/www.levanteud.com\/noticias\/conoce-las-ventajas-del-nuevo-sistema-de-liberacion-de-asientos\" target=\"_blank\" rel=\"noopener nofollow\">libera tu asiento<\/a> para el partido ante el Real Madrid<\/strong><\/p>\n<p class=\"MsoNormal\" style=\"text-align: justify;\">El plazo para <strong>liberar los asientos de abonados para el partido frente al Real Madrid sigue abierto<\/strong>. La liberaci\u00f3n puede realizarse desde el <a style=\"color: rgb(0, 0, 238);\" href=\"https:\/\/abonos.levanteud.com\/panel\/login\" target=\"_blank\" rel=\"noopener nofollow\">\u00e1rea personal en la plataforma Tickelio<\/a>.\u00a0<\/p>\n<p class=\"MsoNormal\" style=\"text-align: justify;\"><strong>Vive el f\u00fatbol desde el coraz\u00f3n del estadio<\/strong><\/p>\n<p class=\"MsoNormal\" style=\"text-align: justify;\">Todav\u00eda quedan a la venta entradas para la<a href=\"https:\/\/ticketing.levanteud.com\/es\/experiencias-vip\" target=\"_blank\" rel=\"noopener nofollow\"> <\/a><strong><a href=\"https:\/\/ticketing.levanteud.com\/es\/experiencias-vip\" target=\"_blank\" rel=\"noopener nofollow\">Experiencia VIP<\/a>: Vive el F\u00fatbol Desde el Coraz\u00f3n del Estadio<\/strong>, una forma \u00fanica de disfrutar de un partido en el Ciutat de Val\u00e8ncia.<\/p>\n<p class=\"MsoNormal\" style=\"text-align: justify;\">La nueva sala VIP te acerca como nunca antes a la emoci\u00f3n del f\u00fatbol: con <strong>una ventana de cristal que da al t\u00fanel de vestuarios<\/strong>, podr\u00e1s <strong>ver la concentraci\u00f3n de los jugadores antes de salir al campo<\/strong> y sentir la tensi\u00f3n de los instantes previos al inicio. Adem\u00e1s, incluye <strong>acceso premium y servicio de catering antes del partido y durante el descanso<\/strong>, en un entorno exclusivo pensado para vivir cada detalle del encuentro desde una perspectiva privilegiada.\u00a0<\/p>\n<p class=\"MsoNormal\" style=\"text-align: justify;\"><strong>Puntos clave de la nueva pol\u00edtica de venta<\/strong><\/p>\n<ul style=\"margin-top: 0cm; text-align: justify;\" type=\"disc\">\n<li class=\"MsoNormal\" style=\"mso-list: l0 level1 lfo1; tab-stops: list 36.0pt;\"><strong>No habr\u00e1 devoluciones<\/strong>: consulta nuestras condiciones de compra antes de realizar la adquisici\u00f3n de tus entradas. Ten en cuenta que puede tratarse de un evento sin fecha confirmada y que no se realizar\u00e1n devoluciones, ni por cambios de fecha ni por ning\u00fan otro motivo, salvo en el caso de cancelaci\u00f3n del encuentro.<\/li>\n<li class=\"MsoNormal\" style=\"mso-list: l0 level1 lfo1; tab-stops: list 36.0pt;\"><a href=\"https:\/\/abonos.levanteud.com\/panel\/login\" target=\"_blank\" rel=\"noopener nofollow\"><strong>Liberaci\u00f3n de asiento<\/strong><\/a>: si un abonado libera su localidad y esta se vende, <strong>no podr\u00e1 recuperarla<\/strong>.<\/li>\n<li class=\"MsoNormal\" style=\"mso-list: l0 level1 lfo1; tab-stops: list 36.0pt;\"><strong>Precios din\u00e1micos<\/strong>: las entradas podr\u00e1n <strong>variar de precio seg\u00fan la demanda y la cercan\u00eda del partido<\/strong>. Habitualmente tender\u00e1n a subir, aunque podr\u00e1n lanzarse promociones exclusivas para abonados en momentos puntuales.<\/li>\n<li class=\"MsoNormal\" style=\"mso-list: l0 level1 lfo1; tab-stops: list 36.0pt;\"><strong>Descuentos para abonados<\/strong>: en los partidos frente al <strong>Rayo Vallecano y RC Celta<\/strong>, el descuento pasa del <strong>15% al 25%<\/strong>, pudiendo cada abonado adquirir hasta <strong>dos entradas<\/strong> con esta rebaja. En el resto de partidos se mantendr\u00e1 el <strong>descuento habitual del 15%<\/strong>.<\/li>\n<\/ul>\n","protected":false},"excerpt":{"rendered":"El Levante UD ha puesto\u00a0a la venta las entradas para todos los partidos que el club dispute en&hellip;\n","protected":false},"author":2,"featured_media":129469,"comment_status":"","ping_status":"","sticky":false,"template":"","format":"standard","meta":{"footnotes":""},"categories":[93],"tags":[168,25,24,23,167],"class_list":{"0":"post-129468","1":"post","2":"type-post","3":"status-publish","4":"format-standard","5":"has-post-thumbnail","7":"category-deportes","8":"tag-deportes","9":"tag-es","10":"tag-espana","11":"tag-spain","12":"tag-sports"},"share_on_mastodon":{"url":"","error":""},"_links":{"self":[{"href":"https:\/\/www.europesays.com\/es\/wp-json\/wp\/v2\/posts\/129468","targetHints":{"allow":["GET"]}}],"collection":[{"href":"https:\/\/www.europesays.com\/es\/wp-json\/wp\/v2\/posts"}],"about":[{"href":"https:\/\/www.europesays.com\/es\/wp-json\/wp\/v2\/types\/post"}],"author":[{"embeddable":true,"href":"https:\/\/www.europesays.com\/es\/wp-json\/wp\/v2\/users\/2"}],"replies":[{"embeddable":true,"href":"https:\/\/www.europesays.com\/es\/wp-json\/wp\/v2\/comments?post=129468"}],"version-history":[{"count":0,"href":"https:\/\/www.europesays.com\/es\/wp-json\/wp\/v2\/posts\/129468\/revisions"}],"wp:featuredmedia":[{"embeddable":true,"href":"https:\/\/www.europesays.com\/es\/wp-json\/wp\/v2\/media\/129469"}],"wp:attachment":[{"href":"https:\/\/www.europesays.com\/es\/wp-json\/wp\/v2\/media?parent=129468"}],"wp:term":[{"taxonomy":"category","embeddable":true,"href":"https:\/\/www.europesays.com\/es\/wp-json\/wp\/v2\/categories?post=129468"},{"taxonomy":"post_tag","embeddable":true,"href":"https:\/\/www.europesays.com\/es\/wp-json\/wp\/v2\/tags?post=129468"}],"curies":[{"name":"wp","href":"https:\/\/api.w.org\/{rel}","templated":true}]}}