{"id":129470,"date":"2025-09-21T11:50:10","date_gmt":"2025-09-21T11:50:10","guid":{"rendered":"https:\/\/www.europesays.com\/es\/129470\/"},"modified":"2025-09-21T11:50:10","modified_gmt":"2025-09-21T11:50:10","slug":"nuevos-farmacos-para-frenar-el-alzheimer-la-esperanza-para-40-000-personas-diagnosticadas-en-aragon-noticias","status":"publish","type":"post","link":"https:\/\/www.europesays.com\/es\/129470\/","title":{"rendered":"Nuevos f\u00e1rmacos para frenar el alzh\u00e9imer: la esperanza para 40.000 personas diagnosticadas en Arag\u00f3n | Noticias"},"content":{"rendered":"<p>Cada 21 de septiembre se conmemora el D\u00eda Mundial del Alzh\u00e9imer, una enfermedad que<strong> afecta a 800.000 personas en Espa\u00f1a y en Arag\u00f3n, a unas 40.000. <\/strong>La esperanza para quienes padecen la enfermedad y para quienes tienen probabilidad de desarrollarla est\u00e1 en la<strong> investigaci\u00f3n y en los nuevos tratamientos que consiguen frenarla e incluso modificar su evoluci\u00f3n<\/strong>, algo que ya han demostrado los nuevos f\u00e1rmacos que ya han sido aprobados por la Agencia del Medicamento.<\/p>\n<p><strong>M\u00e1s del 60 %<\/strong> de las personas que tienen alzh\u00e9imer son <strong>mujeres y tienen m\u00e1s de 65 a\u00f1os<\/strong>. Cada vez se diagnostican m\u00e1s casos porque su desarrollo est\u00e1 vinculado al envejecimiento de la poblaci\u00f3n.<\/p>\n<p><strong>\u00abA\u00fan me queda mucho por aprender del amor, pero quiero que sea contigo\u00bb.<\/strong> Es la frase que repite y que ayuda a Miguel Mu\u00f1oz a cuidar a su mujer, Pilar, enferma de alzh\u00e9imer. En el \u00faltimo a\u00f1o ha perdido no s\u00f3lo recuerdos, tambi\u00e9n movilidad y habla. A pesar de este r\u00e1pido avance, no frena su dedicaci\u00f3n: \u00ab<strong>No s\u00e9 si me conoce o no me conoce, yo creo que no<\/strong>. Simplemente que como me ve todo el d\u00eda con ella, soy su amparo. Primero se les quiere, se les ama, se les protege y luego se les cuida\u00bb.\u00a0<\/p>\n<p><img decoding=\"async\" alt=\"\" src=\"https:\/\/www.europesays.com\/es\/wp-content\/uploads\/2025\/09\/vtr-dia-mundial-alzheimer.transfer-frame-343.jpeg\"\/><\/p>\n<p>Miguel cuidad de Pilar, su mujer, enferma de alzh\u00e9imer.\/ Arag\u00f3n TV<\/p>\n<p>Entre los primeros s\u00edntomas aparecen <strong>peque\u00f1os despistes, olvidos y despu\u00e9s la enfermedad evoluciona<\/strong>. Los especialistas recuerdan que es fundamental el diagn\u00f3stico precoz para poder combatir mejor la enfermedad. A d\u00eda de hoy,<strong> no tiene cura, pero se tratan los s\u00edntomas y se hace un trabajo cognitivo que ayuda a afrontarla<\/strong>. \u00abLa persona a la que le detectan el alzh\u00e9imer tienen much\u00edsimas capacidades todav\u00eda. Son procesos que a veces van muy lento, pero muchas veces se les encajona, por eso se reivindica el derecho a desarrollar sus propias capacidades\u00bb, ha explicado Amador Mar\u00edn, presidente de la Asociaci\u00f3n de Alzh\u00e9imer de Teruel.\u00a0<\/p>\n<p>Ahora se abre <strong>una ventana de esperanza<\/strong>, al poder disponer, por primera vez, de f\u00e1rmacos que pueden modificar la evoluci\u00f3n de la enfermedad, como ha descrito Cristina P\u00e9rez, neur\u00f3loga HUMS: \u00abYa son <strong>tratamientos dirigidos a cambiar un poco la evoluci\u00f3n de la enfermedad<\/strong>; es decir, intentar limpiar esas sustancias, prote\u00ednas an\u00f3malas que se van depositando en el cerebro, y que eso se traduzca en una mejor\u00eda de los s\u00edntomas del paciente\u00bb.<\/p>\n<p>Los especialistas recomiendan tener <strong>h\u00e1bitos saludables <\/strong>en todas las etapas de la vida como uno de los mejores m\u00e9todos para prevenir la enfermedad.\u00a0<\/p>\n<p>Si quieres estar al d\u00eda de toda la actualidad, s\u00edguenos en redes sociales: <a href=\"https:\/\/www.instagram.com\/aragonnoticias\/\" target=\"_blank\" rel=\"noindex nofollow noopener\">Instagram<\/a>, <a href=\"https:\/\/www.facebook.com\/AragonNoticias\/\" target=\"_blank\" rel=\"noindex nofollow noopener\">Facebook<\/a>, <a href=\"https:\/\/x.com\/AragonNoticias_\" target=\"_blank\" rel=\"noindex nofollow\">X<\/a>, <a href=\"https:\/\/www.tiktok.com\/@aragonnoticias\" target=\"_blank\" rel=\"noindex nofollow noopener\">TikTok<\/a> y tambi\u00e9n en el canal de <a href=\"https:\/\/www.whatsapp.com\/channel\/0029Vb8OVLHB4hdK8lQZ1T1F\" target=\"_blank\" rel=\"noindex nofollow noopener\">WhatsApp<\/a>.<\/p>\n<p>            <script async src=\"\/\/www.instagram.com\/embed.js\"><\/script><script async src=\"\/\/www.tiktok.com\/embed.js\"><\/script><\/p>\n","protected":false},"excerpt":{"rendered":"Cada 21 de septiembre se conmemora el D\u00eda Mundial del Alzh\u00e9imer, una enfermedad que afecta a 800.000 personas&hellip;\n","protected":false},"author":2,"featured_media":129471,"comment_status":"","ping_status":"","sticky":false,"template":"","format":"standard","meta":{"footnotes":""},"categories":[92],"tags":[4499,4502,4501,4110,25,24,165,7080,4500,1448,166,23,214],"class_list":{"0":"post-129470","1":"post","2":"type-post","3":"status-publish","4":"format-standard","5":"has-post-thumbnail","7":"category-salud","8":"tag-aragon","9":"tag-aragonesa","10":"tag-cartv","11":"tag-corporacion","12":"tag-es","13":"tag-espana","14":"tag-health","15":"tag-noticia","16":"tag-publica","17":"tag-radio","18":"tag-salud","19":"tag-spain","20":"tag-tv"},"share_on_mastodon":{"url":"","error":""},"_links":{"self":[{"href":"https:\/\/www.europesays.com\/es\/wp-json\/wp\/v2\/posts\/129470","targetHints":{"allow":["GET"]}}],"collection":[{"href":"https:\/\/www.europesays.com\/es\/wp-json\/wp\/v2\/posts"}],"about":[{"href":"https:\/\/www.europesays.com\/es\/wp-json\/wp\/v2\/types\/post"}],"author":[{"embeddable":true,"href":"https:\/\/www.europesays.com\/es\/wp-json\/wp\/v2\/users\/2"}],"replies":[{"embeddable":true,"href":"https:\/\/www.europesays.com\/es\/wp-json\/wp\/v2\/comments?post=129470"}],"version-history":[{"count":0,"href":"https:\/\/www.europesays.com\/es\/wp-json\/wp\/v2\/posts\/129470\/revisions"}],"wp:featuredmedia":[{"embeddable":true,"href":"https:\/\/www.europesays.com\/es\/wp-json\/wp\/v2\/media\/129471"}],"wp:attachment":[{"href":"https:\/\/www.europesays.com\/es\/wp-json\/wp\/v2\/media?parent=129470"}],"wp:term":[{"taxonomy":"category","embeddable":true,"href":"https:\/\/www.europesays.com\/es\/wp-json\/wp\/v2\/categories?post=129470"},{"taxonomy":"post_tag","embeddable":true,"href":"https:\/\/www.europesays.com\/es\/wp-json\/wp\/v2\/tags?post=129470"}],"curies":[{"name":"wp","href":"https:\/\/api.w.org\/{rel}","templated":true}]}}