{"id":129480,"date":"2025-09-21T11:55:10","date_gmt":"2025-09-21T11:55:10","guid":{"rendered":"https:\/\/www.europesays.com\/es\/129480\/"},"modified":"2025-09-21T11:55:10","modified_gmt":"2025-09-21T11:55:10","slug":"la-comunidad-de-madrid-renombra-su-oficina-de-promocion-de-rodajes-como-film-madrid-region-para-visibilizar-su-potencial-audiovisual","status":"publish","type":"post","link":"https:\/\/www.europesays.com\/es\/129480\/","title":{"rendered":"La Comunidad de Madrid renombra su oficina de promoci\u00f3n de rodajes como Film Madrid Region para visibilizar su potencial audiovisual"},"content":{"rendered":"<p>As\u00ed lo ha anunciado hoy el viceconsejero de Cultura, Turismo y Deporte, Luis Mart\u00edn, en la presentaci\u00f3n de Algo se cuece en Madrid en el Festival Internacional de Cine de San Sebasti\u00e1n, acto conjunto entre el Gobierno regional y el Consistorio de la capital para reforzar el compromiso institucional de ambos con el sector audiovisual y su desarrollo territorial.<\/p>\n<p>Film Madrid Region se articula en la iniciativva AMEA (Asesoramiento a Municipios en su Estrategia Audiovisual),\u00a0junto a nuevas herramientas de asistencia a productores y un programa de certificaci\u00f3n y dise\u00f1o de planes de atracci\u00f3n de inversiones para poblaciones interesadas.<\/p>\n<p>El viceconjesejero madrile\u00f1o ha recordado que el Ejecutivo auton\u00f3mico duplicar\u00e1 las ayudas a los largometrajes para consolidarse como polo de producci\u00f3n internacional en el marco del nuevo Plan Estrat\u00e9gico de la Industria Audiovisual 2025\/2028, que contar\u00e1 con 20 l\u00edneas de trabajo y m\u00e1s de 40 medidas.<\/p>\n<p>El peso de esta industria en la econom\u00eda y el empleo madrile\u00f1o es m\u00e1s del doble que la media nacional. El pasado 2024 dej\u00f3 m\u00e1s de 7.200 millones de euros y una aportaci\u00f3n al PIB del 2,6%. Seg\u00fan los datos de 2025, hasta el mes de agosto se han producido en torno a 500 rodajes en torno a publicidad, largometrajes, series y cortometrajes.<\/p>\n<p>El Gobierno auton\u00f3mico tambi\u00e9n incrementar\u00e1 el presupuesto de las l\u00edneas de ayuda a la producci\u00f3n de cortometrajes y videojuegos para atraer propuestas de mayor envergadura y fomentar iniciativas de m\u00e1s calidad art\u00edstica. Y desarrollar\u00e1 un Programa de Captaci\u00f3n de Inversiones con campa\u00f1as de divulgaci\u00f3n y comunicaci\u00f3n de proyectos a escala global, reforzando su presencia en los principales festivales y encuentros profesionales. Tambi\u00e9n promover\u00e1 la creaci\u00f3n de nuevas alianzas y foros bilaterales y multilaterales con mercados prioritarios como Hispanoam\u00e9rica o Europa.<\/p>\n","protected":false},"excerpt":{"rendered":"As\u00ed lo ha anunciado hoy el viceconsejero de Cultura, Turismo y Deporte, Luis Mart\u00edn, en la presentaci\u00f3n de&hellip;\n","protected":false},"author":2,"featured_media":129481,"comment_status":"","ping_status":"","sticky":false,"template":"","format":"standard","meta":{"footnotes":""},"categories":[8],"tags":[17,18,25,24,13,14,11,19,20,9,10,15,16,23,12,21,22],"class_list":{"0":"post-129480","1":"post","2":"type-post","3":"status-publish","4":"format-standard","5":"has-post-thumbnail","7":"category-espana","8":"tag-breaking-news","9":"tag-breakingnews","10":"tag-es","11":"tag-espana","12":"tag-featured-news","13":"tag-featurednews","14":"tag-headlines","15":"tag-latest-news","16":"tag-latestnews","17":"tag-news","18":"tag-noticias","19":"tag-noticias-destacadas","20":"tag-noticiasdestacadas","21":"tag-spain","22":"tag-titulares","23":"tag-ultimas-noticias","24":"tag-ultimasnoticias"},"share_on_mastodon":{"url":"","error":""},"_links":{"self":[{"href":"https:\/\/www.europesays.com\/es\/wp-json\/wp\/v2\/posts\/129480","targetHints":{"allow":["GET"]}}],"collection":[{"href":"https:\/\/www.europesays.com\/es\/wp-json\/wp\/v2\/posts"}],"about":[{"href":"https:\/\/www.europesays.com\/es\/wp-json\/wp\/v2\/types\/post"}],"author":[{"embeddable":true,"href":"https:\/\/www.europesays.com\/es\/wp-json\/wp\/v2\/users\/2"}],"replies":[{"embeddable":true,"href":"https:\/\/www.europesays.com\/es\/wp-json\/wp\/v2\/comments?post=129480"}],"version-history":[{"count":0,"href":"https:\/\/www.europesays.com\/es\/wp-json\/wp\/v2\/posts\/129480\/revisions"}],"wp:featuredmedia":[{"embeddable":true,"href":"https:\/\/www.europesays.com\/es\/wp-json\/wp\/v2\/media\/129481"}],"wp:attachment":[{"href":"https:\/\/www.europesays.com\/es\/wp-json\/wp\/v2\/media?parent=129480"}],"wp:term":[{"taxonomy":"category","embeddable":true,"href":"https:\/\/www.europesays.com\/es\/wp-json\/wp\/v2\/categories?post=129480"},{"taxonomy":"post_tag","embeddable":true,"href":"https:\/\/www.europesays.com\/es\/wp-json\/wp\/v2\/tags?post=129480"}],"curies":[{"name":"wp","href":"https:\/\/api.w.org\/{rel}","templated":true}]}}