{"id":129499,"date":"2025-09-21T12:07:10","date_gmt":"2025-09-21T12:07:10","guid":{"rendered":"https:\/\/www.europesays.com\/es\/129499\/"},"modified":"2025-09-21T12:07:10","modified_gmt":"2025-09-21T12:07:10","slug":"mariano-olcese-estrena-el-museo-de-obra-grafica-de-abarca","status":"publish","type":"post","link":"https:\/\/www.europesays.com\/es\/129499\/","title":{"rendered":"Mariano Olcese estrena el Museo de Obra Gr\u00e1fica de Abarca"},"content":{"rendered":"<p>Mir\u00f3, T\u00e1pies, Barcel\u00f3 y \u00darculo son cuatro de los artistas que est\u00e1n representados en el Museo de Obra Gr\u00e1fica que se inaugur\u00f3 ayer en la peque\u00f1a localidad de Abarca de Campos gracias a la acci\u00f3n del galerista y coleccionista Mariano Olcese.<\/p>\n<p>El espacio, que se construy\u00f3 ex profeso para este cometido, inici\u00f3 su andadura con 33 piezas que ofrecen un recorrido representativo por la obra gr\u00e1fica de finales del siglo XX e inicios del XXI. Entre los autores tambi\u00e9n se encuentra el Premio Cervantes Jos\u00e9 Jim\u00e9nez Lozano que, pese a no ser artista pl\u00e1stico, dej\u00f3 una serie de cuadernos con collages que fueron editados en su momento por la Galer\u00eda La Maleta, que dirigi\u00f3 Olcese.\u00a0<\/p>\n<p>La iniciativa pretendi\u00f3 sumar un nuevo foco cultural al entorno, completando la oferta de otras entidades, como la Fundaci\u00f3n Francis Chapelet, ya presente en la localidad. Durante la jornada inaugural de ayer, el Museo de Obra Gr\u00e1fica acogi\u00f3 una charla a cargo de Alberto Valverde, el fundador de la Escuela Municipal de Grabado de Valladolid.<\/p>\n<p>El museo funcionar\u00e1 inicialmente con visitas bajo cita previa, especialmente para grupos o centro educativos. Adem\u00e1s, se prev\u00e9 la organizaci\u00f3n de talleres.<\/p>\n","protected":false},"excerpt":{"rendered":"Mir\u00f3, T\u00e1pies, Barcel\u00f3 y \u00darculo son cuatro de los artistas que est\u00e1n representados en el Museo de Obra&hellip;\n","protected":false},"author":2,"featured_media":129500,"comment_status":"","ping_status":"","sticky":false,"template":"","format":"standard","meta":{"footnotes":""},"categories":[173],"tags":[229,233,231,230,19155,232,234,146,147,25,24,17594,4193,23],"class_list":{"0":"post-129499","1":"post","2":"type-post","3":"status-publish","4":"format-standard","5":"has-post-thumbnail","7":"category-arte-y-diseno","8":"tag-arte","9":"tag-arte-y-diseno","10":"tag-arts","11":"tag-arts-and-design","12":"tag-barcelo","13":"tag-design","14":"tag-diseno","15":"tag-entertainment","16":"tag-entretenimiento","17":"tag-es","18":"tag-espana","19":"tag-plastico","20":"tag-siglo-xx","21":"tag-spain"},"share_on_mastodon":{"url":"","error":""},"_links":{"self":[{"href":"https:\/\/www.europesays.com\/es\/wp-json\/wp\/v2\/posts\/129499","targetHints":{"allow":["GET"]}}],"collection":[{"href":"https:\/\/www.europesays.com\/es\/wp-json\/wp\/v2\/posts"}],"about":[{"href":"https:\/\/www.europesays.com\/es\/wp-json\/wp\/v2\/types\/post"}],"author":[{"embeddable":true,"href":"https:\/\/www.europesays.com\/es\/wp-json\/wp\/v2\/users\/2"}],"replies":[{"embeddable":true,"href":"https:\/\/www.europesays.com\/es\/wp-json\/wp\/v2\/comments?post=129499"}],"version-history":[{"count":0,"href":"https:\/\/www.europesays.com\/es\/wp-json\/wp\/v2\/posts\/129499\/revisions"}],"wp:featuredmedia":[{"embeddable":true,"href":"https:\/\/www.europesays.com\/es\/wp-json\/wp\/v2\/media\/129500"}],"wp:attachment":[{"href":"https:\/\/www.europesays.com\/es\/wp-json\/wp\/v2\/media?parent=129499"}],"wp:term":[{"taxonomy":"category","embeddable":true,"href":"https:\/\/www.europesays.com\/es\/wp-json\/wp\/v2\/categories?post=129499"},{"taxonomy":"post_tag","embeddable":true,"href":"https:\/\/www.europesays.com\/es\/wp-json\/wp\/v2\/tags?post=129499"}],"curies":[{"name":"wp","href":"https:\/\/api.w.org\/{rel}","templated":true}]}}