{"id":129515,"date":"2025-09-21T12:17:08","date_gmt":"2025-09-21T12:17:08","guid":{"rendered":"https:\/\/www.europesays.com\/es\/129515\/"},"modified":"2025-09-21T12:17:08","modified_gmt":"2025-09-21T12:17:08","slug":"continuan-por-segundo-dia-las-cancelaciones-de-vuelos-en-el-aeropuerto-de-bruselas-por-el-ciberataque-internacional","status":"publish","type":"post","link":"https:\/\/www.europesays.com\/es\/129515\/","title":{"rendered":"Contin\u00faan por segundo d\u00eda las cancelaciones de vuelos en el aeropuerto de Bruselas por el ciberataque | Internacional"},"content":{"rendered":"<p class=\"\">El aeropuerto de Bruselas continu\u00f3 sufriendo este domingo alteraciones del tr\u00e1fico a\u00e9reo <a href=\"https:\/\/elpais.com\/economia\/2025-09-20\/un-ciberataque-causa-retrasos-y-cancelaciones-en-varios-aeropuertos-europeos.html\" target=\"_self\" rel=\"nofollow noopener\" title=\"https:\/\/elpais.com\/economia\/2025-09-20\/un-ciberataque-causa-retrasos-y-cancelaciones-en-varios-aeropuertos-europeos.html\">a ra\u00edz del ciberataque del pasado viernes, <\/a>con la cancelaci\u00f3n de 44 vuelos cuya salida estaba prevista hoy y de otros 28 de llegada. El ataque inform\u00e1tico contra el proveedor de servicios de facturaci\u00f3n y embarque del aeropuerto bruselense tambi\u00e9n ha causado cancelaciones y retrasos en los aeropuertos de Heathrow, en Londres, y en el de Berl\u00edn-Brandeburgo, en Alemania, y llega tras otros ciberataques previos que han afectado a compa\u00f1\u00edas y entes p\u00fablicos en todo el mundo. <\/p>\n<p class=\"\">Un total de 44 de los 257 vuelos que iban a partir hoy desde el aeropuerto de Bruselas fueron cancelados, seg\u00fan explic\u00f3 a los medios locales la portavoz del <a href=\"https:\/\/cincodias.elpais.com\/companias\/2025-08-11\/ranking-de-aeropuertos-nacionales-y-europeos-que-mas-incidencias-registran-madrid-barajas-no-esta-entre-los-primeros.html\" target=\"_self\" rel=\"nofollow noopener\" title=\"https:\/\/cincodias.elpais.com\/companias\/2025-08-11\/ranking-de-aeropuertos-nacionales-y-europeos-que-mas-incidencias-registran-madrid-barajas-no-esta-entre-los-primeros.html\">aeropuerto<\/a> de Bruselas, Ihsane Chioua Lekhli, quien tambi\u00e9n se\u00f1al\u00f3 que adem\u00e1s de cancelarse 28 vuelos de llegada, se redirigi\u00f3 a otros seis con destino a la capital belga. Este domingo continuaron as\u00ed las largas colas en los mostradores de facturaci\u00f3n y los retrasos que afectaron a otros vuelos, pese a que el aeropuerto bruselense ha desplegado a personal adicional, debido a que el ataque inform\u00e1tico ha obligado a hacer manualmente las operaciones de check-in y embarque. <\/p>\n<p class=\"\">Por el momento se prev\u00e9 que las alteraciones contin\u00faen este domingo, y se desconoce si el problema en el sistema de facturaci\u00f3n y embarque podr\u00e1 solventarse de cara a una normalizaci\u00f3n de las operaciones este lunes, seg\u00fan se\u00f1alaron fuentes del aeropuerto y de las aerol\u00edneas operadoras. <\/p>\n<p class=\"\">El <a href=\"https:\/\/elpais.com\/sociedad\/2025-01-16\/bruselas-quiere-crear-un-centro-de-ciberseguridad-paneuropeo-para-proteger-a-hospitales-de-ataques-online.html\" target=\"_self\" rel=\"nofollow noopener\" title=\"https:\/\/elpais.com\/sociedad\/2025-01-16\/bruselas-quiere-crear-un-centro-de-ciberseguridad-paneuropeo-para-proteger-a-hospitales-de-ataques-online.html\">ciberataque<\/a>, sin atribuci\u00f3n de la autor\u00eda de momento, se produjo en la tarde-noche del viernes, inform\u00f3 el aeropuerto de la capital belga, y afect\u00f3 al proveedor de servicios externos especializado en el procesamiento de datos en el sector de la aeron\u00e1utica Collins Aerospace, filial del grupo estadounidense de defensa RTX (anteriormente conocido como Raytheon). <\/p>\n<p class=\"\">El aeropuerto de Berl\u00edn tambi\u00e9n amaneci\u00f3 este domingo con algunos problemas derivados del ciberataque, aunque moviliz\u00f3 personal para minimizar el impacto. La empresa responsable del aeropuerto, Flughafen Berlin Brandenburg GmbH, afirmo que puede haber \u201calgunos problemas\u201d en los procesos de facturaci\u00f3n, dado que deben realizarse a\u00fan de forma manual. Esta situaci\u00f3n puede dar lugar a retrasos, pero en el aeropuerto de Berl\u00edn, seg\u00fan sus responsables, la situaci\u00f3n era este domingo fluida. \u201cLos procesos desde el mediod\u00eda del s\u00e1bado se estabilizaron, y ahora tenemos una situaci\u00f3n relativamente tranquila y fluida para el check-in, algunas aerol\u00edneas usan ahora material a\u00f1adido para realizarlo\u201d, indicaron desde la compa\u00f1\u00eda, que anim\u00f3 a los usuarios a que empleen las m\u00e1quinas de autoservicio para facturar maletas. <\/p>\n<p class=\"\">Este domingo y el lunes, sin embargo, el aeropuerto espera una ola de viajeros de salida de la capital alemana tras celebrarse la marat\u00f3n de Berl\u00edn, un evento deportivo internacional que convoca a decenas de miles de aficionados al deporte. <\/p>\n<p class=\"\">Por su parte, el Aeropuerto de Heathrow, en Londres, ha afirmado que \u201cla gran mayor\u00eda de vuelos\u201d han seguido operando pese a las incidencias, aunque tambi\u00e9n ha exhortado a los viajeros a realizar comprobaciones y a no llegar al aer\u00f3dromo con demasiadas horas de margen para evitar colapsos.<\/p>\n<p class=\"\">Los aeropuertos espa\u00f1oles operan \u201ccon normalidad\u201d, han se\u00f1alado este domingo fuentes de Aena, cuya red no se ha visto afectada por el ataque inform\u00e1tico. Aunque en Espa\u00f1a, este domingo, se han producido algunas demoras y cancelaciones puntuales en la conexi\u00f3n con Bruselas en Madrid-Barajas o Barcelona-El Prat, seg\u00fan figura en la web de Aena, fuentes de Iberia han indicado que no les consta que sea por el ciberataque, sino que hay restricciones por meteorolog\u00eda adversa en algunos puntos, lo que est\u00e1 afectando a la operaci\u00f3n.<\/p>\n<p class=\"\">En la v\u00edspera del ataque inform\u00e1tico, la comisaria europea de Emergencias y Preparaci\u00f3n de Crisis, Hadja Lahbib, llam\u00f3 a la Uni\u00f3n Europea (UE) a invertir en preparaci\u00f3n ante las \u201creales y complejas\u201d amenazas actuales, tras el ciberataque que ha desatado el caos en aeropuertos en B\u00e9lgica, el Reino Unido y Alemania. \u201cEl ciberataque de hoy [por el s\u00e1bado], que ha paralizado los aeropuertos de toda Europa, demuestra lo reales y complejas que son las amenazas actuales. Nuestra estrategia refuerza la coordinaci\u00f3n y apoya a los Estados miembros. Debemos invertir en preparaci\u00f3n para garantizar que estamos preparados para cualquier eventualidad\u201d, dijo Lahbib a trav\u00e9s de un mensaje en redes sociales.<\/p>\n","protected":false},"excerpt":{"rendered":"El aeropuerto de Bruselas continu\u00f3 sufriendo este domingo alteraciones del tr\u00e1fico a\u00e9reo a ra\u00edz del ciberataque del pasado&hellip;\n","protected":false},"author":2,"featured_media":129516,"comment_status":"","ping_status":"","sticky":false,"template":"","format":"standard","meta":{"footnotes":""},"categories":[42],"tags":[1161,17960,9495,17,18,2317,29890,95,13,14,11,61,62,63,64,19,20,7228,9,10,15,16,15864,12,9569,21,22,65,66,67],"class_list":{"0":"post-129515","1":"post","2":"type-post","3":"status-publish","4":"format-standard","5":"has-post-thumbnail","7":"category-internacional","8":"tag-aeropuertos","9":"tag-ataques-informaticos","10":"tag-berlin","11":"tag-breaking-news","12":"tag-breakingnews","13":"tag-bruselas","14":"tag-cancelaciones-transporte","15":"tag-economia","16":"tag-featured-news","17":"tag-featurednews","18":"tag-headlines","19":"tag-internacional","20":"tag-international","21":"tag-international-news","22":"tag-internationalnews","23":"tag-latest-news","24":"tag-latestnews","25":"tag-londres","26":"tag-news","27":"tag-noticias","28":"tag-noticias-destacadas","29":"tag-noticiasdestacadas","30":"tag-pasajeros","31":"tag-titulares","32":"tag-transporte-aereo","33":"tag-ultimas-noticias","34":"tag-ultimasnoticias","35":"tag-world","36":"tag-world-news","37":"tag-worldnews"},"share_on_mastodon":{"url":"","error":""},"_links":{"self":[{"href":"https:\/\/www.europesays.com\/es\/wp-json\/wp\/v2\/posts\/129515","targetHints":{"allow":["GET"]}}],"collection":[{"href":"https:\/\/www.europesays.com\/es\/wp-json\/wp\/v2\/posts"}],"about":[{"href":"https:\/\/www.europesays.com\/es\/wp-json\/wp\/v2\/types\/post"}],"author":[{"embeddable":true,"href":"https:\/\/www.europesays.com\/es\/wp-json\/wp\/v2\/users\/2"}],"replies":[{"embeddable":true,"href":"https:\/\/www.europesays.com\/es\/wp-json\/wp\/v2\/comments?post=129515"}],"version-history":[{"count":0,"href":"https:\/\/www.europesays.com\/es\/wp-json\/wp\/v2\/posts\/129515\/revisions"}],"wp:featuredmedia":[{"embeddable":true,"href":"https:\/\/www.europesays.com\/es\/wp-json\/wp\/v2\/media\/129516"}],"wp:attachment":[{"href":"https:\/\/www.europesays.com\/es\/wp-json\/wp\/v2\/media?parent=129515"}],"wp:term":[{"taxonomy":"category","embeddable":true,"href":"https:\/\/www.europesays.com\/es\/wp-json\/wp\/v2\/categories?post=129515"},{"taxonomy":"post_tag","embeddable":true,"href":"https:\/\/www.europesays.com\/es\/wp-json\/wp\/v2\/tags?post=129515"}],"curies":[{"name":"wp","href":"https:\/\/api.w.org\/{rel}","templated":true}]}}