{"id":129517,"date":"2025-09-21T12:18:10","date_gmt":"2025-09-21T12:18:10","guid":{"rendered":"https:\/\/www.europesays.com\/es\/129517\/"},"modified":"2025-09-21T12:18:10","modified_gmt":"2025-09-21T12:18:10","slug":"el-gobierno-pasa-a-canarias-a-prealerta-por-calor-tras-una-noche-por-encima-de-los-30-grados","status":"publish","type":"post","link":"https:\/\/www.europesays.com\/es\/129517\/","title":{"rendered":"El Gobierno pasa a Canarias a prealerta por calor tras una noche por encima de los 30 grados"},"content":{"rendered":"<p class=\"v-mdl-ath__p v-mdl-ath__p--2\">\nCANARIAS7\n<\/p>\n<p class=\"v-mdl-ath__p v-mdl-ath__p--3\">\nLas Palmas de Gran Canaria\n<\/p>\n<p class=\"v-mdl-ath__p v-mdl-ath__p--6\">\nDomingo, 21 de septiembre 2025, 12:27<\/p>\n<p class=\"v-p\">La Direcci\u00f3n General de Emergencias del Gobierno de Canarias ha <strong>rebajado la alerta <\/strong>por altas temperaturas a prealerta en el conjunto del archipi\u00e9lago.<\/p>\n<p class=\"v-p\">Una decisi\u00f3n que ha tomado en base a la predicci\u00f3n de la Agencia Estatal de Meteorolog\u00eda (Aemet) y otras fuentes, que apuntan a una \u00faltima jornada de temperaturas <strong>\u00abanormalmente altas\u00bb<\/strong> tras el episodio de calor de los \u00faltimos d\u00edas.<\/p>\n<p class=\"v-p\">Y es que durante la madrugada de este s\u00e1bado Canarias a alcanzado <strong>las temperaturas m\u00e1s altas de Espa\u00f1a <\/strong>con m\u00e1ximas de hasta 30 grados entre las doce y la una de la ma\u00f1ana en San Sebasi\u00e1n de la Gomera, Tenerife o en La Aldea de San Nicol\u00e1s, Aguimes o Agaete, en Gran Canaria <\/p>\n<p class=\"v-p\">A\u00fan as\u00ed, se esperan para este domingo<strong> \u00abrestos de calima\u00bb<\/strong> y temperaturas m\u00e1ximas que podr\u00edan alcanzar o superar el intervalo entre los 30 y los 34 grados cent\u00edgrados, especialmente en la costa y en las median\u00edas del oeste y el sur de las islas.<\/p>\n<p>Comenta<\/p>\n<p>Reporta un error<\/p>\n","protected":false},"excerpt":{"rendered":"CANARIAS7 Las Palmas de Gran Canaria Domingo, 21 de septiembre 2025, 12:27 La Direcci\u00f3n General de Emergencias del&hellip;\n","protected":false},"author":2,"featured_media":129518,"comment_status":"","ping_status":"","sticky":false,"template":"","format":"standard","meta":{"footnotes":""},"categories":[8],"tags":[17,18,4922,1896,2343,25,24,13,14,582,21090,11,19,20,9,193,10,15,16,3954,41669,23,12,575,21,22],"class_list":{"0":"post-129517","1":"post","2":"type-post","3":"status-publish","4":"format-standard","5":"has-post-thumbnail","7":"category-espana","8":"tag-breaking-news","9":"tag-breakingnews","10":"tag-calor","11":"tag-canarias","12":"tag-encima","13":"tag-es","14":"tag-espana","15":"tag-featured-news","16":"tag-featurednews","17":"tag-gobierno","18":"tag-grados","19":"tag-headlines","20":"tag-latest-news","21":"tag-latestnews","22":"tag-news","23":"tag-noche","24":"tag-noticias","25":"tag-noticias-destacadas","26":"tag-noticiasdestacadas","27":"tag-pasa","28":"tag-prealerta","29":"tag-spain","30":"tag-titulares","31":"tag-tras","32":"tag-ultimas-noticias","33":"tag-ultimasnoticias"},"share_on_mastodon":{"url":"","error":""},"_links":{"self":[{"href":"https:\/\/www.europesays.com\/es\/wp-json\/wp\/v2\/posts\/129517","targetHints":{"allow":["GET"]}}],"collection":[{"href":"https:\/\/www.europesays.com\/es\/wp-json\/wp\/v2\/posts"}],"about":[{"href":"https:\/\/www.europesays.com\/es\/wp-json\/wp\/v2\/types\/post"}],"author":[{"embeddable":true,"href":"https:\/\/www.europesays.com\/es\/wp-json\/wp\/v2\/users\/2"}],"replies":[{"embeddable":true,"href":"https:\/\/www.europesays.com\/es\/wp-json\/wp\/v2\/comments?post=129517"}],"version-history":[{"count":0,"href":"https:\/\/www.europesays.com\/es\/wp-json\/wp\/v2\/posts\/129517\/revisions"}],"wp:featuredmedia":[{"embeddable":true,"href":"https:\/\/www.europesays.com\/es\/wp-json\/wp\/v2\/media\/129518"}],"wp:attachment":[{"href":"https:\/\/www.europesays.com\/es\/wp-json\/wp\/v2\/media?parent=129517"}],"wp:term":[{"taxonomy":"category","embeddable":true,"href":"https:\/\/www.europesays.com\/es\/wp-json\/wp\/v2\/categories?post=129517"},{"taxonomy":"post_tag","embeddable":true,"href":"https:\/\/www.europesays.com\/es\/wp-json\/wp\/v2\/tags?post=129517"}],"curies":[{"name":"wp","href":"https:\/\/api.w.org\/{rel}","templated":true}]}}