{"id":129522,"date":"2025-09-21T12:21:32","date_gmt":"2025-09-21T12:21:32","guid":{"rendered":"https:\/\/www.europesays.com\/es\/129522\/"},"modified":"2025-09-21T12:21:32","modified_gmt":"2025-09-21T12:21:32","slug":"arrestan-a-conocido-influencer-frances-por-protesta-contra-corridas-de-toros","status":"publish","type":"post","link":"https:\/\/www.europesays.com\/es\/129522\/","title":{"rendered":"Arrestan a conocido influencer franc\u00e9s por protesta contra corridas de toros"},"content":{"rendered":"<p>    <img src=\"https:\/\/www.europesays.com\/es\/wp-content\/uploads\/2025\/09\/2025-09-20T153A243A10Z-90038609.jpg\" width=\"1024\" height=\"682\" alt=\"\" loading=\"eager\" decoding=\"sync\" fetchpriority=\"high\"\/><\/p>\n<p>            afp_tickers        <\/p>\n<p>        Este contenido fue publicado en    <\/p>\n<p>        20 septiembre 2025 &#8211; 17:24\n<\/p>\n<p>Un conocido influencer franc\u00e9s fue detenido tras interrumpir una corrida de toros en una plaza del sur de Francia para protestar contra esta pr\u00e1ctica, confirm\u00f3 la polic\u00eda el s\u00e1bado.<\/p>\n<p>Se trata del influencer Jeremstar, cuyo nombre real es J\u00e9r\u00e9my Gisclon, y que tiene 2,5 millones de seguidores en su cuenta de Instagram.<\/p>\n<p>Jeremstar salt\u00f3 las barreras e ingres\u00f3 al ruedo en la ciudad sure\u00f1a de Nimes el viernes portando una pancarta contra las corridas de toros.<\/p>\n<p>Despu\u00e9s de ser perseguido por el personal de seguridad, fue derribado al suelo y arrastrado por la arena hasta la salida.<\/p>\n<p>\u00abOdio las corridas de toros. No es arte, es tortura animal. Hay que abolir esta despreciable tradici\u00f3n. No entiendo c\u00f3mo este espect\u00e1culo vergonzoso a\u00fan es posible en 2025\u00bb, dijo el influencer en un mensaje en Instagram.<\/p>\n<p>La protesta, cuyos videos est\u00e1n circulando por las redes sociales, fue organizada junto con Peta Francia, el grupo de defensa de los derechos de los animales.<\/p>\n<p>\u00abEstuvimos planeando esta acci\u00f3n con \u00e9l durante varios meses\u00bb, declar\u00f3 Anissa Putois, directora de comunicaci\u00f3n y campa\u00f1as de Peta Francia. Otros dos activistas tambi\u00e9n fueron arrestados.<\/p>\n<p>Putois agreg\u00f3 que un equipo de Peta Francia espera en la comisar\u00eda local a que liberen a Jeremstar y a los otros dos activistas.<\/p>\n<p>\u00abCastigar a aquellos que se oponen a la violencia mientras se permite, o incluso se celebra, la tortura de otros animales es una vergonzosa violaci\u00f3n de la justicia\u00bb, afirm\u00f3 el grupo en un comunicado.<\/p>\n<p>La legislaci\u00f3n francesa proh\u00edbe la crueldad hacia los animales y las corridas de toros est\u00e1n prohibidas en la mayor parte de Francia. Sin embargo, est\u00e1n permitida en ciudades como Nimes y Bayona, en el suroeste de Francia, donde se considera una tradici\u00f3n cultural, a pesar de las quejas de los activistas.<\/p>\n<p>Aunque la opini\u00f3n p\u00fablica favorece la prohibici\u00f3n de las corridas, un intento de prohibirlas en 2022 fracas\u00f3 porque los legisladores franceses no quer\u00edan crear descontento en las regiones aficionadas a la tauromaquia.<\/p>\n<p>ysp-sjw\/tw\/rnr\/hgs<\/p>\n","protected":false},"excerpt":{"rendered":"afp_tickers Este contenido fue publicado en 20 septiembre 2025 &#8211; 17:24 Un conocido influencer franc\u00e9s fue detenido tras&hellip;\n","protected":false},"author":2,"featured_media":129523,"comment_status":"","ping_status":"","sticky":false,"template":"","format":"standard","meta":{"footnotes":""},"categories":[277],"tags":[3432,373,5797,168,756,25,24,10110,26325,7657,17067,5798,9856,1384,23,167,90,374],"class_list":{"0":"post-129522","1":"post","2":"type-post","3":"status-publish","4":"format-standard","5":"has-post-thumbnail","7":"category-toreo","8":"tag-animal","9":"tag-bullfighting","10":"tag-culture","11":"tag-deportes","12":"tag-environment","13":"tag-es","14":"tag-espana","15":"tag-human-interest","16":"tag-investigation","17":"tag-law-and-order","18":"tag-law-enforcement","19":"tag-mass-media","20":"tag-nature","21":"tag-police","22":"tag-spain","23":"tag-sports","24":"tag-ticker","25":"tag-toreo"},"share_on_mastodon":{"url":"","error":""},"_links":{"self":[{"href":"https:\/\/www.europesays.com\/es\/wp-json\/wp\/v2\/posts\/129522","targetHints":{"allow":["GET"]}}],"collection":[{"href":"https:\/\/www.europesays.com\/es\/wp-json\/wp\/v2\/posts"}],"about":[{"href":"https:\/\/www.europesays.com\/es\/wp-json\/wp\/v2\/types\/post"}],"author":[{"embeddable":true,"href":"https:\/\/www.europesays.com\/es\/wp-json\/wp\/v2\/users\/2"}],"replies":[{"embeddable":true,"href":"https:\/\/www.europesays.com\/es\/wp-json\/wp\/v2\/comments?post=129522"}],"version-history":[{"count":0,"href":"https:\/\/www.europesays.com\/es\/wp-json\/wp\/v2\/posts\/129522\/revisions"}],"wp:featuredmedia":[{"embeddable":true,"href":"https:\/\/www.europesays.com\/es\/wp-json\/wp\/v2\/media\/129523"}],"wp:attachment":[{"href":"https:\/\/www.europesays.com\/es\/wp-json\/wp\/v2\/media?parent=129522"}],"wp:term":[{"taxonomy":"category","embeddable":true,"href":"https:\/\/www.europesays.com\/es\/wp-json\/wp\/v2\/categories?post=129522"},{"taxonomy":"post_tag","embeddable":true,"href":"https:\/\/www.europesays.com\/es\/wp-json\/wp\/v2\/tags?post=129522"}],"curies":[{"name":"wp","href":"https:\/\/api.w.org\/{rel}","templated":true}]}}