{"id":129533,"date":"2025-09-21T12:29:11","date_gmt":"2025-09-21T12:29:11","guid":{"rendered":"https:\/\/www.europesays.com\/es\/129533\/"},"modified":"2025-09-21T12:29:11","modified_gmt":"2025-09-21T12:29:11","slug":"300-invitados-sin-moviles-y-en-la-sierra-de-cadiz","status":"publish","type":"post","link":"https:\/\/www.europesays.com\/es\/129533\/","title":{"rendered":"300 invitados, sin m\u00f3viles y en la Sierra de C\u00e1diz"},"content":{"rendered":"<p><img decoding=\"async\" class=\"voc-author__img\" src=\"https:\/\/www.europesays.com\/es\/wp-content\/uploads\/2025\/08\/autor-6797-foto-1.png\" alt=\"Daniella Bejarano\"\/><\/p>\n<p class=\"voc-p\" style=\"\">Tras dos meses de sorprender a todos con un \u00edntima ceremonia religiosa en Madrid, <a href=\"https:\/\/www.abc.es\/gente\/pablo-lopez-gira-empresas-novia-casa-razones-20250221044408-nt.html\" target=\"_self\" data-voc-vtm-id=\"in-text-traffic\" title=\"Pablo L\u00f3pez y Laura Rubio\" data-mrf-link=\"www.abc.es\" rel=\"nofollow noopener\">Pablo L\u00f3pez y Laura Rubio<\/a> han vuelto a sellar su amor, esta vez con una celebraci\u00f3n por todo lo alto en plena Sierra de C\u00e1diz. La pareja eligi\u00f3 la finca La Caser\u00eda de Tomillos, ubicada en Alcal\u00e1 del Valle, para reunir a sus familiares y amigos en un enlace civil, eso s\u00ed, bajo<strong> absoluta discreci\u00f3n. <\/strong><\/p>\n<p class=\"voc-p\" style=\"\">La ceremonia comenz\u00f3 sobre las siete de la tarde, justo cuando el sol empezaba a ocultarse en las colinas gaditanas. A comparaci\u00f3n de su primera boda, la pareja se anim\u00f3 a posar para los medios que se aproximaron al recinto e incluso, el cantante brind\u00f3 algunas<strong> palabras de agradecimiento<\/strong>. \u00abAgradecidos por todos. Es una cosa natural y sencilla. Estamos con familias, amigos, con libertad y amor. Os damos las gracias por estar aqu\u00ed\u00bb, expres\u00f3. <\/p>\n<p>\nLa regla de oro: sin m\u00f3viles\n<\/p>\n<p class=\"voc-p\" style=\"\">Con la misma discreci\u00f3n que caracteriza a Pablo y Laura, una de las normas impuestas fue que ning\u00fan invitado pod\u00eda acceder a la ceremonia con el tel\u00e9fono m\u00f3vil. Los cerca de 300 asistentes entregaron sus dispositivos a la entrada, en un gesto con doble prop\u00f3sito. Por un lado, preservar la intimidad de la pareja y, por otro, permitir que cada invitado viviera la fiesta sin distracciones, disfrutando al m\u00e1ximo de la m\u00fasica, la comida y el ambiente festivo.<\/p>\n<p class=\"voc-p\" style=\"\">Los invitados llegaron en autobuses hasta la finca, donde les aguardaba una cuidada decoraci\u00f3n, un men\u00fa exquisito y sorpresas musicales preparadas por los propios novios. D\u00edas antes, Pablo y Laura hab\u00edan pedido a cada asistente que eligiera su canci\u00f3n favorita, un detalle que convirti\u00f3 la pista de baile en una banda sonora personalizada. Seg\u00fan expertos en organizaci\u00f3n de eventos, el presupuesto de la velada podr\u00eda haber rondado los <strong>30.000 a 40.000 euros.<\/strong><\/p>\n<p><img decoding=\"async\" loading=\"lazy\" src=\"https:\/\/www.europesays.com\/es\/wp-content\/uploads\/2025\/09\/pablo-laura-segunda-boda-U30626015834VdH-760x427@diario_abc.jpg\" class=\"voc-img\" width=\"760\" height=\"427\" alt=\"As\u00ed fue la segunda boda de Pablo L\u00f3pez y Laura Rubio: 300 invitados, sin m\u00f3viles y en la Sierra de C\u00e1diz\" data-voc-vtm-id=\"in-text-traffic\"\/><\/p>\n<p>GTRES<\/p>\n<p class=\"voc-p\" style=\"\">Pablo L\u00f3pez y Laura Rubio, se conocieron en 2017 en &#8216;La Voz&#8217;, cuando ella era concursante y \u00e9l, su coach. Desde entonces, su relaci\u00f3n ha transcurrido con discreci\u00f3n, <strong>lejos del foco medi\u00e1tico<\/strong>. Con esta segunda boda, mucho m\u00e1s multitudinaria que la primera, han demostrado que la intimidad y la alegr\u00eda compartida no son excluyentes. Y es que, aunque el enlace brill\u00f3 con luz andaluza, lo que qued\u00f3 claro es que su mejor m\u00fasica sigue siendo la complicidad que los une.<\/p>\n<p>Reportar un error<\/p>\n","protected":false},"excerpt":{"rendered":"Tras dos meses de sorprender a todos con un \u00edntima ceremonia religiosa en Madrid, Pablo L\u00f3pez y Laura&hellip;\n","protected":false},"author":2,"featured_media":129534,"comment_status":"","ping_status":"","sticky":false,"template":"","format":"standard","meta":{"footnotes":""},"categories":[174],"tags":[914,3158,2193,255,146,147,25,24,256,3551,3459,7355,13368,618,14346,3745,11774,23],"class_list":{"0":"post-129533","1":"post","2":"type-post","3":"status-publish","4":"format-standard","5":"has-post-thumbnail","7":"category-famosos","8":"tag-914","9":"tag-boda","10":"tag-cadiz","11":"tag-celebrities","12":"tag-entertainment","13":"tag-entretenimiento","14":"tag-es","15":"tag-espana","16":"tag-famosos","17":"tag-invitados","18":"tag-laura","19":"tag-lopez","20":"tag-moviles","21":"tag-pablo","22":"tag-rubio","23":"tag-segunda","24":"tag-sierra","25":"tag-spain"},"share_on_mastodon":{"url":"","error":""},"_links":{"self":[{"href":"https:\/\/www.europesays.com\/es\/wp-json\/wp\/v2\/posts\/129533","targetHints":{"allow":["GET"]}}],"collection":[{"href":"https:\/\/www.europesays.com\/es\/wp-json\/wp\/v2\/posts"}],"about":[{"href":"https:\/\/www.europesays.com\/es\/wp-json\/wp\/v2\/types\/post"}],"author":[{"embeddable":true,"href":"https:\/\/www.europesays.com\/es\/wp-json\/wp\/v2\/users\/2"}],"replies":[{"embeddable":true,"href":"https:\/\/www.europesays.com\/es\/wp-json\/wp\/v2\/comments?post=129533"}],"version-history":[{"count":0,"href":"https:\/\/www.europesays.com\/es\/wp-json\/wp\/v2\/posts\/129533\/revisions"}],"wp:featuredmedia":[{"embeddable":true,"href":"https:\/\/www.europesays.com\/es\/wp-json\/wp\/v2\/media\/129534"}],"wp:attachment":[{"href":"https:\/\/www.europesays.com\/es\/wp-json\/wp\/v2\/media?parent=129533"}],"wp:term":[{"taxonomy":"category","embeddable":true,"href":"https:\/\/www.europesays.com\/es\/wp-json\/wp\/v2\/categories?post=129533"},{"taxonomy":"post_tag","embeddable":true,"href":"https:\/\/www.europesays.com\/es\/wp-json\/wp\/v2\/tags?post=129533"}],"curies":[{"name":"wp","href":"https:\/\/api.w.org\/{rel}","templated":true}]}}