{"id":129535,"date":"2025-09-21T12:30:09","date_gmt":"2025-09-21T12:30:09","guid":{"rendered":"https:\/\/www.europesays.com\/es\/129535\/"},"modified":"2025-09-21T12:30:09","modified_gmt":"2025-09-21T12:30:09","slug":"el-futuro-artistico-de-tabacalera-en-madrid-con-sello-abulense-avilared","status":"publish","type":"post","link":"https:\/\/www.europesays.com\/es\/129535\/","title":{"rendered":"El futuro art\u00edstico de Tabacalera en Madrid con sello abulense | \u00c1vilared"},"content":{"rendered":"<p>El arquitecto abulense Blanco Herrero ha resultado el adjudicatario entre las cinco propuestas valoradas, tres de ellas presentadas por peque\u00f1as y medianas empresas, con una oferta econ\u00f3mica de 682.500 euros.<\/p>\n<p>El proyecto, financiado con fondos europeos, busca transformar Tabacalera en un espacio de referencia para la creaci\u00f3n contempor\u00e1nea, combinando residencias art\u00edsticas con producci\u00f3n cultural.<\/p>\n<p>En el proceso de adjudicaci\u00f3n no solo se ha tenido en cuenta la viabilidad econ\u00f3mica del proyecto del arquitecto abulense, sino tambi\u00e9n su sensibilidad patrimonial, funcionalidad y compromiso con la accesibilidad universal.<\/p>\n<p>El proyecto que ahora dirigir\u00e1 Blanco Herrero afecta a los sistemas de saneamiento del edificio, la rehabilitaci\u00f3n de fachadas, cubiertas y carpinter\u00edas, mejoras de infraestructuras y restauraci\u00f3n del jard\u00edn, para adecuar el edificio a su futuro uso como centro de producci\u00f3n y residencias art\u00edsticas.<\/p>\n<p>Se trata de un centro de titularidad y gesti\u00f3n estatal, ubicado en el madrile\u00f1o barrio de Lavapi\u00e9s, que tiene como objetivo apoyar la creaci\u00f3n art\u00edstica, la investigaci\u00f3n y generaci\u00f3n de conocimiento en torno a las artes contempor\u00e1neas.<\/p>\n<p>En 2021, Arturo Blanco Herrero result\u00f3 <a href=\"https:\/\/avilared.com\/archive\/54610\/el-cementerio-de-la-colilla-de-arturo-blanco-entre-los-finalistas-del-bienal-de-arquitectura-y-urbanismo-de-espana\" rel=\"nofollow noopener\" target=\"_blank\">finalista en el XV Bienal Espa\u00f1ola de Arquitectura y Urbanismo gracias a su obra del cementerio de La Colilla<\/a>.<\/p>\n<p>\u00a0<\/p>\n","protected":false},"excerpt":{"rendered":"El arquitecto abulense Blanco Herrero ha resultado el adjudicatario entre las cinco propuestas valoradas, tres de ellas presentadas&hellip;\n","protected":false},"author":2,"featured_media":129536,"comment_status":"","ping_status":"","sticky":false,"template":"","format":"standard","meta":{"footnotes":""},"categories":[173],"tags":[41673,229,233,231,230,41671,41674,232,234,146,147,25,24,41675,41672,23,41670],"class_list":{"0":"post-129535","1":"post","2":"type-post","3":"status-publish","4":"format-standard","5":"has-post-thumbnail","7":"category-arte-y-diseno","8":"tag-arquitectura-abulense","9":"tag-arte","10":"tag-arte-y-diseno","11":"tag-arts","12":"tag-arts-and-design","13":"tag-arturo-blanco-herrero","14":"tag-creacion-contemporanea","15":"tag-design","16":"tag-diseno","17":"tag-entertainment","18":"tag-entretenimiento","19":"tag-es","20":"tag-espana","21":"tag-rehabilitacion-edificios-culturales","22":"tag-residencias-artisticas","23":"tag-spain","24":"tag-tabacalera-madrid"},"share_on_mastodon":{"url":"","error":""},"_links":{"self":[{"href":"https:\/\/www.europesays.com\/es\/wp-json\/wp\/v2\/posts\/129535","targetHints":{"allow":["GET"]}}],"collection":[{"href":"https:\/\/www.europesays.com\/es\/wp-json\/wp\/v2\/posts"}],"about":[{"href":"https:\/\/www.europesays.com\/es\/wp-json\/wp\/v2\/types\/post"}],"author":[{"embeddable":true,"href":"https:\/\/www.europesays.com\/es\/wp-json\/wp\/v2\/users\/2"}],"replies":[{"embeddable":true,"href":"https:\/\/www.europesays.com\/es\/wp-json\/wp\/v2\/comments?post=129535"}],"version-history":[{"count":0,"href":"https:\/\/www.europesays.com\/es\/wp-json\/wp\/v2\/posts\/129535\/revisions"}],"wp:featuredmedia":[{"embeddable":true,"href":"https:\/\/www.europesays.com\/es\/wp-json\/wp\/v2\/media\/129536"}],"wp:attachment":[{"href":"https:\/\/www.europesays.com\/es\/wp-json\/wp\/v2\/media?parent=129535"}],"wp:term":[{"taxonomy":"category","embeddable":true,"href":"https:\/\/www.europesays.com\/es\/wp-json\/wp\/v2\/categories?post=129535"},{"taxonomy":"post_tag","embeddable":true,"href":"https:\/\/www.europesays.com\/es\/wp-json\/wp\/v2\/tags?post=129535"}],"curies":[{"name":"wp","href":"https:\/\/api.w.org\/{rel}","templated":true}]}}