{"id":129562,"date":"2025-09-21T12:44:12","date_gmt":"2025-09-21T12:44:12","guid":{"rendered":"https:\/\/www.europesays.com\/es\/129562\/"},"modified":"2025-09-21T12:44:12","modified_gmt":"2025-09-21T12:44:12","slug":"canal-sur-emitira-en-directo-la-feria-de-san-miguel-de-sevilla-al-completo","status":"publish","type":"post","link":"https:\/\/www.europesays.com\/es\/129562\/","title":{"rendered":"Canal Sur emitir\u00e1 en directo la Feria de San Miguel de Sevilla al completo"},"content":{"rendered":"<p><strong data-start=\"1047\" data-end=\"1125\">La televisi\u00f3n p\u00fablica andaluza vuelve a abrir sus puertas al toreo grande.<\/strong><a title=\"Canal Sur\" href=\"https:\/\/www.larazon.es\/tags\/canal-sur\/\" target=\"_blank\" rel=\"nofollow noopener\">Canal Sur<\/a> ha confirmado que retransmitir\u00e1 en directo y en abierto las tres corridas que componen la <strong data-start=\"1226\" data-end=\"1260\"><a title=\"Feria de San Miguel\" href=\"https:\/\/www.larazon.es\/cultura\/toros\/roca-rey-tiene-llave-que-canal-sur-retransmita-san-miguel-sevilla_2025091868cbd4ada2dd1a7e0d06b08e.html\" target=\"_blank\" rel=\"nofollow noopener\">Feria de San Miguel<\/a> de Sevilla<\/strong>, un anuncio que ha sido recibido con entusiasmo por los aficionados. El ciclo, que se celebrar\u00e1 del 26 al 28 de septiembre en la <strong data-start=\"1390\" data-end=\"1423\">Real Maestranza de Caballer\u00eda<\/strong>, se convierte as\u00ed en un nuevo escaparate para la tauromaquia en la peque\u00f1a pantalla.<\/p>\n<p>El acuerdo entre la cadena auton\u00f3mica y la empresa Pag\u00e9s supone un paso m\u00e1s en la <strong data-start=\"1592\" data-end=\"1648\">recuperaci\u00f3n del protagonismo medi\u00e1tico de los toros<\/strong>. Tras las sobresalientes cifras de audiencia conseguidas durante la pasada Feria de Abril, el equipo liderado por <strong data-start=\"1763\" data-end=\"1781\">Enrique Romero<\/strong> volver\u00e1 a estar al frente de las retransmisiones, con su estilo cercano y did\u00e1ctico que ya ha enganchado a miles de telespectadores.<\/p>\n<p><strong data-start=\"1916\" data-end=\"2008\">No se trata solo de emitir toros, sino de contar lo que ocurre dentro y fuera del ruedo.<\/strong> La cobertura incluir\u00e1 entrevistas, reportajes y una realizaci\u00f3n pensada para acercar la emoci\u00f3n de la plaza a todos los p\u00fablicos. La televisi\u00f3n, una vez m\u00e1s, se convierte en aliada de una fiesta que lucha por su espacio en el panorama cultural y medi\u00e1tico.<\/p>\n<p>Los carteles, que han generado gran expectaci\u00f3n, re\u00fanen a figuras consagradas y j\u00f3venes promesas. El viernes 26 abrir\u00e1n plaza <strong data-start=\"2393\" data-end=\"2446\">Jos\u00e9 Mar\u00eda Manzanares, Juan Ortega y Pablo Aguado<\/strong> ante toros de <strong data-start=\"2461\" data-end=\"2483\">Victoriano del R\u00edo<\/strong>. El s\u00e1bado 27 ser\u00e1 el turno de <strong data-start=\"2515\" data-end=\"2568\">Alejandro Talavante, Daniel Luque y Borja Jim\u00e9nez<\/strong>, con toros de <strong data-start=\"2583\" data-end=\"2598\">Garcigrande<\/strong>. Y el domingo 28, como colof\u00f3n, se anuncian <strong data-start=\"2643\" data-end=\"2694\">Morante de la Puebla, Roca Rey y Javier Zulueta<\/strong>, que tomar\u00e1 la alternativa con toros de <strong data-start=\"2735\" data-end=\"2756\">N\u00fa\u00f1ez del Cuvillo<\/strong>.<\/p>\n","protected":false},"excerpt":{"rendered":"La televisi\u00f3n p\u00fablica andaluza vuelve a abrir sus puertas al toreo grande.Canal Sur ha confirmado que retransmitir\u00e1 en&hellip;\n","protected":false},"author":2,"featured_media":122771,"comment_status":"","ping_status":"","sticky":false,"template":"","format":"standard","meta":{"footnotes":""},"categories":[277],"tags":[373,168,25,24,23,167,374],"class_list":{"0":"post-129562","1":"post","2":"type-post","3":"status-publish","4":"format-standard","5":"has-post-thumbnail","7":"category-toreo","8":"tag-bullfighting","9":"tag-deportes","10":"tag-es","11":"tag-espana","12":"tag-spain","13":"tag-sports","14":"tag-toreo"},"share_on_mastodon":{"url":"","error":""},"_links":{"self":[{"href":"https:\/\/www.europesays.com\/es\/wp-json\/wp\/v2\/posts\/129562","targetHints":{"allow":["GET"]}}],"collection":[{"href":"https:\/\/www.europesays.com\/es\/wp-json\/wp\/v2\/posts"}],"about":[{"href":"https:\/\/www.europesays.com\/es\/wp-json\/wp\/v2\/types\/post"}],"author":[{"embeddable":true,"href":"https:\/\/www.europesays.com\/es\/wp-json\/wp\/v2\/users\/2"}],"replies":[{"embeddable":true,"href":"https:\/\/www.europesays.com\/es\/wp-json\/wp\/v2\/comments?post=129562"}],"version-history":[{"count":0,"href":"https:\/\/www.europesays.com\/es\/wp-json\/wp\/v2\/posts\/129562\/revisions"}],"wp:featuredmedia":[{"embeddable":true,"href":"https:\/\/www.europesays.com\/es\/wp-json\/wp\/v2\/media\/122771"}],"wp:attachment":[{"href":"https:\/\/www.europesays.com\/es\/wp-json\/wp\/v2\/media?parent=129562"}],"wp:term":[{"taxonomy":"category","embeddable":true,"href":"https:\/\/www.europesays.com\/es\/wp-json\/wp\/v2\/categories?post=129562"},{"taxonomy":"post_tag","embeddable":true,"href":"https:\/\/www.europesays.com\/es\/wp-json\/wp\/v2\/tags?post=129562"}],"curies":[{"name":"wp","href":"https:\/\/api.w.org\/{rel}","templated":true}]}}