{"id":129580,"date":"2025-09-21T12:57:10","date_gmt":"2025-09-21T12:57:10","guid":{"rendered":"https:\/\/www.europesays.com\/es\/129580\/"},"modified":"2025-09-21T12:57:10","modified_gmt":"2025-09-21T12:57:10","slug":"un-documental-para-revelar-el-enigma-de-ivan-zulueta","status":"publish","type":"post","link":"https:\/\/www.europesays.com\/es\/129580\/","title":{"rendered":"un documental para revelar el enigma de Iv\u00e1n Zulueta"},"content":{"rendered":"<p>\n        A pesar de que<strong> Iv\u00e1n Zulueta <\/strong>se grababa constantemente y que vincul\u00f3 para siempre su vida a la de la pel\u00edcula Arrebato,<strong> su personalidad sigue siendo un gran enigma <\/strong>para la mayor\u00eda de las personas. <strong>Marta Medina y Enrique Lavigne tratan de dar con respuestas a ese misterio con <\/strong><strong>El \u00faltimo arrebato<\/strong>, una\u00a0investigaci\u00f3n que bebe directamente del esp\u00edritu del cineasta donostiarra y que se proyecta en la secci\u00f3n Zabaltegi-Tabakalera del <a href=\"https:\/\/www.noticiasdegipuzkoa.eus\/tags\/zinemaldia\/\" title=\"Zinemaldia\" class=\"link copy\" rel=\"nofollow noopener\" target=\"_blank\">Zinemaldia<\/a>.\n<\/p>\n<p>            <a href=\"https:\/\/www.noticiasdegipuzkoa.eus\/cultura\/2025\/08\/21\/siete-estrenos-mundiales-23-peliculas-10002374.html\" title=\"P\u00e1lmanson, Hadzihalilovic y Stemmer entre los 23 cineastas de Zabaltegi-Tabakalera\" class=\"new__media\" rel=\"nofollow noopener\" target=\"_blank\"><\/p>\n<p>                <img alt=\"P\u00e1lmanson, Hadzihalilovic y Stemmer entre los 23 cineastas de Zabaltegi-Tabakalera\" data-src=\"https:\/\/www.europesays.com\/es\/wp-content\/uploads\/2025\/09\/f54dac9a-0b14-44d6-b184-548ed6f65928_16-9-aspect-ratio_default_0.jpg\" class=\"lozad\"\/><\/p>\n<p>        <\/a><\/p>\n<p>        <a href=\"https:\/\/www.noticiasdegipuzkoa.eus\/cultura\/2025\/08\/21\/siete-estrenos-mundiales-23-peliculas-10002374.html\" title=\"P\u00e1lmanson, Hadzihalilovic y Stemmer entre los 23 cineastas de Zabaltegi-Tabakalera\" class=\"new__headline\" rel=\"nofollow noopener\" target=\"_blank\"><br \/>\n            P\u00e1lmanson, Hadzihalilovic y Stemmer entre los 23 cineastas de Zabaltegi-Tabakalera<br \/>\n        <\/a><\/p>\n<p class=\"article-body__text \">\n        \u201cDesde el primer momento,<strong> ten\u00edamos claro que no quer\u00edamos un documental de bustos parlantes<\/strong>. Arrebato es la pel\u00edcula de un director amateur que entrega una pel\u00edcula misteriosa a otro director de serie b que desaparece y Zulueta, a su vez, es un director que entrega una pel\u00edcula para tambi\u00e9n desaparecer. Parece una maldici\u00f3n, y quer\u00edamos saber qu\u00e9 hay detr\u00e1s de ello, por lo que<strong> la planteamos con una parte documental con gente, pero otra como investigaci\u00f3n de por qu\u00e9 desaparece y d\u00f3nde est\u00e1 enterrado<\/strong>, alguien que nadie sabe\u201d, explica Medina.\n<\/p>\n<p class=\"article-body__text \">\n        De este modo, Medina y Lavigne se convierten en los protagonistas de una b\u00fasqueda de respuestas en torno a un cineasta maldito. \u201c<strong>Zulueta era una persona mucho menos conocida de lo que la gente cree<\/strong>. Hab\u00eda dividido su vida en dos grandes ventanales, la de su casa en la plaza de Espa\u00f1a de Madrid, que era<strong> m\u00e1s profesional y moderna<\/strong>, donde ven\u00edan sus amigos a altas horas de la noche, y la de <strong>su refugio familiar<\/strong> en Villa Aloha, en Donostia. Esas dos grandes pantallas de cine est\u00e1n reflejadas en Arrebato y <strong>nos dimos cuenta que lo que m\u00e1s nos interesaba era esa relaci\u00f3n entre la vida y el cine que \u00e9l establece entre su vida y la pel\u00edcula<\/strong>\u201d, cuenta Lavigne.\n<\/p>\n<p class=\"article-body__text \">\n        El \u00faltimo arrebato, por lo tanto, trata de contestar a cuestiones tales como si para el cineasta el cine era una prolongaci\u00f3n de la vida o la vida era una prolongaci\u00f3n del cine, un tema que tambi\u00e9n se aborda en su filme, o la influencia que tuvieron las drogas en su trayectoria. \u201c<strong>Me gustar\u00eda derribar ese mito casi did\u00e1ctico de que la droga era lo que hizo que no pudiera seguir rodando<\/strong>. Posiblemente, fue una consecuencia, pero<strong> \u00e9l segu\u00eda siendo enormemente creativo en su cabeza<\/strong>\u201d, apunta Lavigne, para quien \u201c<strong>Arrebato<\/strong><strong> sigue siendo una pel\u00edcula mutante porque cambia en cada visionado y Zulueta una personalidad con un gran enigma<\/strong>, que es que todav\u00eda no se ha dado a conocer qui\u00e9n fue\u201d.\u00a0\n<\/p>\n<p>        \u201cArrebato\u2019 sigue siendo una pel\u00edcula mutante porque cambia en cada visionado\u201d<\/p>\n<p class=\"article-quote__author\">Enrique Lavigne &#8211; Director de &#8216;El \u00faltimo arrebato&#8217;<\/p>\n<p class=\"article-body__text \">\n        Precisamente, con un v\u00ednculo personal muy reducido, muy pocos pudieron conocer a Zulueta en profundidad. <strong>Jaime Ch\u00e1varri y Virginia Montenegro <\/strong>fueron dos de esas personas \u201cfundamentales\u201d para Medina y Lavigne a la hora de sacar el documental adelante, ya que, adem\u00e1s de aceptar aparecer en \u00e9l, <strong>entregaron material personal in\u00e9dito<\/strong> del cineasta. \u201cTen\u00eda muchos guiones que luego no salieron adelante. Poco despu\u00e9s de Arrebato le quisieron producir una pel\u00edcula, pero dijo que no porque no estaba preparado.<strong> Debi\u00f3 de vaciarse tanto que se vio inseguro sobre qu\u00e9 iba a contar y c\u00f3mo lo iba a hacer<\/strong>\u201d, indica Medina.\n<\/p>\n<p class=\"article-body__text \">\n        A ello hay que sumar l<strong>os problemas que tuvo durante el rodaje<\/strong> \u2013con m\u00e1s de la mitad del equipo abandonando\u2013, <strong>los problemas de distribuci\u00f3n y su fracaso de cr\u00edtica y p\u00fablico <\/strong>tras su estreno. \u201cY la propia desaparici\u00f3n de la pel\u00edcula, que es algo muy importante. <strong>Ese aura m\u00e1gica de Zulueta va a seguir siendo lo que atraiga a la gente a su cine<\/strong>\u201d, a\u00f1ade Lavigne en referencia a las casi dos d\u00e9cadas que estuvo oculto el filme.\n<\/p>\n<p>  Recuerdo a Eusebio Poncela<\/p>\n<p class=\"article-body__text \">\n        Los problemas que Zulueta vivi\u00f3 durante el rodaje de Arrebato tambi\u00e9n los imitaron Medina y Lavigne, aunque no de forma intencionada. Al igual que el cineasta donostiarra,<strong> los dos directores se asociaron a un grupo peque\u00f1o de amigos para sacar adelante el documental <\/strong>y los diferentes contratiempos que vivieron durante el rodaje le<strong>s llev\u00f3 incluso a dejarse de hablar durante el final de la grabaci\u00f3n.<\/strong>\n<\/p>\n<p>        \u00abTen\u00edamos que decidir si la pel\u00edcula fuese m\u00e1s informativa o m\u00e1s cinematogr\u00e1fica, pero lo que ten\u00edamos claro era que las pel\u00edculas son relatos m\u00e1gicos que guardan a la gente que desaparece<\/p>\n<p class=\"article-quote__author\">Marta Medina &#8211; Directora de &#8216;El \u00faltimo arrebato&#8217;<\/p>\n<p class=\"article-body__text \">\n        \u201cHan pasado tres a\u00f1os y <strong>nos hemos encontrado con una pel\u00edcula que no sab\u00edamos domesticar ni qu\u00e9 naturaleza ten\u00eda<\/strong>. Hasta que no hemos conseguido contar algo a lo que s\u00ed est\u00e1bamos vinculados emocionalmente no<strong> hemos tomado la decisi\u00f3n de sacarla de un caj\u00f3n<\/strong>\u201d, revela Lavigne, mientras su compa\u00f1era explica que<strong> el primer montaje del documental era de tres horas y media<\/strong>. \u201cTen\u00edamos que decidir si la pel\u00edcula iba a ser m\u00e1s informativa o m\u00e1s cinematogr\u00e1fica, pero lo que<strong> ten\u00edamos claro desde el principio era que las pel\u00edculas, al final, son relatos m\u00e1gicos que guardan a la gente que desaparece<\/strong>\u201d, a\u00f1ade.\n<\/p>\n<p class=\"article-body__text \">\n        El documental, no obstante, no es solo un recuerdo sobre Zulueta, sino tambi\u00e9n de <strong>Eusebio Poncela<\/strong>, protagonista y alter ego del propio cineasta en el filme, y recientemente fallecido. \u201cQuer\u00edamos dialogar con los personajes y su pasado, pero <strong>en el caso de Eusebio ahora adquiere una dimensi\u00f3n diferente<\/strong>\u201d, indican los directores, quienes conf\u00edan en no haber traicionado el esp\u00edritu de Zulueta con el documental. \u201c<strong>Sigo pensando que no quiero que nadie vea la pel\u00edcula porque durante el proceso hubo un momento el que nos sentimos unos impostores<\/strong>. \u00bfPor qu\u00e9 vamos a contar nosotros la historia de alguien que no conocemos?\u201d, concluye pregunt\u00e1ndose Lavigne.<\/p>\n","protected":false},"excerpt":{"rendered":"A pesar de que Iv\u00e1n Zulueta se grababa constantemente y que vincul\u00f3 para siempre su vida a la&hellip;\n","protected":false},"author":2,"featured_media":129581,"comment_status":"","ping_status":"","sticky":false,"template":"","format":"standard","meta":{"footnotes":""},"categories":[169],"tags":[177,6084,41681,146,147,25,24,176,4358,175,18099,23,9919],"class_list":{"0":"post-129580","1":"post","2":"type-post","3":"status-publish","4":"format-standard","5":"has-post-thumbnail","7":"category-cine","8":"tag-cine","9":"tag-documental","10":"tag-enigma","11":"tag-entertainment","12":"tag-entretenimiento","13":"tag-es","14":"tag-espana","15":"tag-film","16":"tag-ivan","17":"tag-movies","18":"tag-revelar","19":"tag-spain","20":"tag-zulueta"},"share_on_mastodon":{"url":"","error":""},"_links":{"self":[{"href":"https:\/\/www.europesays.com\/es\/wp-json\/wp\/v2\/posts\/129580","targetHints":{"allow":["GET"]}}],"collection":[{"href":"https:\/\/www.europesays.com\/es\/wp-json\/wp\/v2\/posts"}],"about":[{"href":"https:\/\/www.europesays.com\/es\/wp-json\/wp\/v2\/types\/post"}],"author":[{"embeddable":true,"href":"https:\/\/www.europesays.com\/es\/wp-json\/wp\/v2\/users\/2"}],"replies":[{"embeddable":true,"href":"https:\/\/www.europesays.com\/es\/wp-json\/wp\/v2\/comments?post=129580"}],"version-history":[{"count":0,"href":"https:\/\/www.europesays.com\/es\/wp-json\/wp\/v2\/posts\/129580\/revisions"}],"wp:featuredmedia":[{"embeddable":true,"href":"https:\/\/www.europesays.com\/es\/wp-json\/wp\/v2\/media\/129581"}],"wp:attachment":[{"href":"https:\/\/www.europesays.com\/es\/wp-json\/wp\/v2\/media?parent=129580"}],"wp:term":[{"taxonomy":"category","embeddable":true,"href":"https:\/\/www.europesays.com\/es\/wp-json\/wp\/v2\/categories?post=129580"},{"taxonomy":"post_tag","embeddable":true,"href":"https:\/\/www.europesays.com\/es\/wp-json\/wp\/v2\/tags?post=129580"}],"curies":[{"name":"wp","href":"https:\/\/api.w.org\/{rel}","templated":true}]}}