{"id":129594,"date":"2025-09-21T13:04:09","date_gmt":"2025-09-21T13:04:09","guid":{"rendered":"https:\/\/www.europesays.com\/es\/129594\/"},"modified":"2025-09-21T13:04:09","modified_gmt":"2025-09-21T13:04:09","slug":"hallan-el-cuerpo-del-hombre-que-apunalo-a-su-expareja-en-cantillana","status":"publish","type":"post","link":"https:\/\/www.europesays.com\/es\/129594\/","title":{"rendered":"Hallan el cuerpo del hombre que apu\u00f1al\u00f3 a su expareja en Cantillana"},"content":{"rendered":"<p><img decoding=\"async\" class=\"voc-author__img\" src=\"https:\/\/www.europesays.com\/es\/wp-content\/uploads\/2025\/09\/autor-3942-foto-5.jpeg\" alt=\"Ignacio Lia\u00f1o Bernal\"\/><\/p>\n<p>21\/09\/2025<br \/>\n<br \/><strong><br \/>\nActualizado a las 15:01h.<br \/>\n<\/strong><\/p>\n<p class=\"voc-p\" style=\"\">Este domingo sobre las 10.00 de la ma\u00f1ana ha sido encontrado sin vida <strong>el cuerpo del hombre que apu\u00f1al\u00f3 hace m\u00e1s de diez d\u00edas<\/strong> a su expareja en la localidad sevillana de Cantillana, y sobre el que pesaba adem\u00e1s de una orden de alejamiento, una orden de busca y captura, despu\u00e9s de que trascendiese p\u00fablicamente <a href=\"https:\/\/www.abc.es\/sevilla\/provincia\/agreden-mujer-arma-blanca-cuello-cantillana-20250909234609-nts.html\" target=\"_self\" data-voc-vtm-id=\"in-text-traffic\" title=\"aquella agresi\u00f3n con un arma blanca en plena calle\" data-mrf-link=\"www.abc.es\" rel=\"nofollow noopener\">aquella agresi\u00f3n con un arma blanca en plena calle<\/a> de la citada localidad sevillana. Dicha mujer ya est\u00e1 en buen estado y fuera de peligro.<\/p>\n<p class=\"voc-p\" style=\"\">A la espera de que se le realice la autopsia al cuerpo del presunto agresor por parte del Instituto de Medicina Legal, fuentes del instituto armado apuntan a este peri\u00f3dico que a falta de que as\u00ed lo indique la autopsia, que se efectuar\u00e1 este mismo lunes, <strong>el hombre que se habr\u00eda ahorcado en la zona <\/strong>sobre la que se segu\u00edan manteniendo las pesquisas era el que estaba buscando la Guardia Civil. Este descubrimiento llega doce d\u00edas despu\u00e9s de que se cometiese dicho ataque. La v\u00edctima de dicha agresi\u00f3n, que fue herida, figura en el Sistema Integral de Seguimiento de casos de Violencia de G\u00e9nero (Viog\u00e9n) y permanec\u00eda custodiada hasta que el hombre fuera detenido, pero este domingo ha sido hallado sin vida.<\/p>\n<p class=\"voc-p\" style=\"\">Cabe recordar que aquella agresi\u00f3n en dicho municipio se produjo sobre las 19.30 horas de la tarde del pasado 9 de septiembre en la plaza del Llano, en el casco hist\u00f3rico de Cantillana, donde esta mujer estaba al cuidado de una persona mayor, y la misma fue v\u00edctima de una agresi\u00f3n de manos de este var\u00f3n, que la acuchill\u00f3 en el cuello. Seg\u00fan confirm\u00f3 el subdelegado del gobierno, Francisco Toscano, el presunto agresor estaba identificado por las autoridades y ten\u00eda <strong>una orden de alejamiento de su exmujer<\/strong> en activo desde el pasado mes de junio.<\/p>\n<p class=\"voc-p\" style=\"\">En este punto, se ha procedido por parte de la autoridad judicial el levantamiento del cad\u00e1ver del presunto agresor con el fin de que este mismo lunes se le practique la autopsia. Hay que resaltar que <strong>la agresi\u00f3n caus\u00f3 gran estupor entre los vecinos<\/strong>, que condenaron sin paliativos este nuevo ataque y se mantuvieron activos en la b\u00fasqueda del presunto agresor, que ha acabado con su vida, aunque de momento se desconocen m\u00e1s detalles sobre este nuevo suceso.<\/p>\n<p class=\"voc-p\" style=\"\">El d\u00eda de la agresi\u00f3n, en Cantillana fue movilizado un importante dispositivo de emergencia, y la mujer fue evacuada a un centro de salud del municipio cantillanero y despu\u00e9s a un hospital de Sevilla capital, el Virgen Macarena, mientras la Guardia Civil desplegaba sus efectivos, incluso con un helic\u00f3ptero, en busca del presunto autor de los hechos. La agresi\u00f3n ocurri\u00f3 despu\u00e9s de que el domingo anterior al incidente, un var\u00f3n de 46 a\u00f1os matase a pu\u00f1aladas a su pareja, una mujer de 47, en el barrio hispalense de Valdezorras.<\/p>\n<p>Reportar un error<\/p>\n","protected":false},"excerpt":{"rendered":"21\/09\/2025 Actualizado a las 15:01h. Este domingo sobre las 10.00 de la ma\u00f1ana ha sido encontrado sin vida&hellip;\n","protected":false},"author":2,"featured_media":129595,"comment_status":"","ping_status":"","sticky":false,"template":"","format":"standard","meta":{"footnotes":""},"categories":[8],"tags":[41685,17,18,36368,873,25,24,31654,13,14,10000,11,366,19,20,9,10,15,16,23,12,21,22],"class_list":{"0":"post-129594","1":"post","2":"type-post","3":"status-publish","4":"format-standard","5":"has-post-thumbnail","7":"category-espana","8":"tag-apunalo","9":"tag-breaking-news","10":"tag-breakingnews","11":"tag-cantillana","12":"tag-cuerpo","13":"tag-es","14":"tag-espana","15":"tag-expareja","16":"tag-featured-news","17":"tag-featurednews","18":"tag-hallan","19":"tag-headlines","20":"tag-hombre","21":"tag-latest-news","22":"tag-latestnews","23":"tag-news","24":"tag-noticias","25":"tag-noticias-destacadas","26":"tag-noticiasdestacadas","27":"tag-spain","28":"tag-titulares","29":"tag-ultimas-noticias","30":"tag-ultimasnoticias"},"share_on_mastodon":{"url":"","error":""},"_links":{"self":[{"href":"https:\/\/www.europesays.com\/es\/wp-json\/wp\/v2\/posts\/129594","targetHints":{"allow":["GET"]}}],"collection":[{"href":"https:\/\/www.europesays.com\/es\/wp-json\/wp\/v2\/posts"}],"about":[{"href":"https:\/\/www.europesays.com\/es\/wp-json\/wp\/v2\/types\/post"}],"author":[{"embeddable":true,"href":"https:\/\/www.europesays.com\/es\/wp-json\/wp\/v2\/users\/2"}],"replies":[{"embeddable":true,"href":"https:\/\/www.europesays.com\/es\/wp-json\/wp\/v2\/comments?post=129594"}],"version-history":[{"count":0,"href":"https:\/\/www.europesays.com\/es\/wp-json\/wp\/v2\/posts\/129594\/revisions"}],"wp:featuredmedia":[{"embeddable":true,"href":"https:\/\/www.europesays.com\/es\/wp-json\/wp\/v2\/media\/129595"}],"wp:attachment":[{"href":"https:\/\/www.europesays.com\/es\/wp-json\/wp\/v2\/media?parent=129594"}],"wp:term":[{"taxonomy":"category","embeddable":true,"href":"https:\/\/www.europesays.com\/es\/wp-json\/wp\/v2\/categories?post=129594"},{"taxonomy":"post_tag","embeddable":true,"href":"https:\/\/www.europesays.com\/es\/wp-json\/wp\/v2\/tags?post=129594"}],"curies":[{"name":"wp","href":"https:\/\/api.w.org\/{rel}","templated":true}]}}