{"id":129614,"date":"2025-09-21T13:21:09","date_gmt":"2025-09-21T13:21:09","guid":{"rendered":"https:\/\/www.europesays.com\/es\/129614\/"},"modified":"2025-09-21T13:21:09","modified_gmt":"2025-09-21T13:21:09","slug":"daniel-sosa-rompe-el-silencio-sobre-la-polemica-llamada-con-abelito-en-la-casa-de-los-famosos-mexico","status":"publish","type":"post","link":"https:\/\/www.europesays.com\/es\/129614\/","title":{"rendered":"Daniel Sosa rompe el silencio sobre la pol\u00e9mica llamada con Abelito en La Casa de los Famosos M\u00e9xico"},"content":{"rendered":"<p><img alt=\"La din\u00e1mica de la moneda\" class=\"global-image\" decoding=\"async\" fetchpriority=\"high\" height=\"1080\" loading=\"eager\" src=\"https:\/\/www.europesays.com\/es\/wp-content\/uploads\/2025\/09\/2QTP2QGX7BFMREGIC6TXD5LXSY.jpg\" width=\"1920\"\/>La din\u00e1mica de la moneda gener\u00f3 indignaci\u00f3n entre seguidores tras revelarse que Abelito no recibi\u00f3 el beneficio esperado. Dise\u00f1o: (Jes\u00fas Tovar Sosa\/Infobae)<\/p>\n<p class=\"paragraph\">La controversia en torno a la din\u00e1mica de la <b>Moneda del Destino<\/b> en La Casa de los Famosos M\u00e9xico se intensific\u00f3 tras la publicaci\u00f3n de un video en redes sociales donde el comediante <b>Daniel Sosa<\/b> abord\u00f3 los hechos ocurridos la noche del 19 de septiembre. <\/p>\n<p class=\"paragraph\">En esa ocasi\u00f3n, <b>Abelito<\/b> accedi\u00f3 al confesionario tras resultar ganador de la mencionada moneda, con la expectativa de recibir un beneficio que muchos espectadores interpretaron como la posibilidad de comunicarse con un familiar. <\/p>\n<p class=\"paragraph\">Sin embargo, la situaci\u00f3n tom\u00f3 un rumbo inesperado cuando, al recibir la llamada, Abelito confundi\u00f3 la voz de Daniel Sosa con la de su propio padre, lo que gener\u00f3 confusi\u00f3n y tensi\u00f3n en el ambiente.<\/p>\n<p class=\"paragraph\">La reacci\u00f3n del p\u00fablico no se hizo esperar. Numerosos televidentes calificaron el episodio como un <b>fraude<\/b>, al considerar que <b>Abelito<\/b> <b>fue utilizado como simple intermediario<\/b> para transmitir mensajes entre concursantes, sin obtener el beneficio personal que se le hab\u00eda insinuado. <\/p>\n<p><img alt=\"Abelito fungi\u00f3 como mensajero en\" class=\"global-image\" decoding=\"async\" fetchpriority=\"low\" height=\"686\" loading=\"lazy\" src=\"https:\/\/www.europesays.com\/es\/wp-content\/uploads\/2025\/09\/R4RQZVKYGVCPXCJJORDXKPSGQ4.jpeg\" width=\"1284\"\/>Abelito fungi\u00f3 como mensajero en lugar de recibir el beneficio por encontrar la Moneda del Destino. Foto: (La Casa de los Famosos M\u00e9xico\/Infobae)<\/p>\n<p class=\"paragraph\">Daniel Sosa, en el video publicado el 20 de septiembre, reconoci\u00f3 la legitimidad del malestar expresado por la audiencia y explic\u00f3 los pormenores de su participaci\u00f3n en la din\u00e1mica.<\/p>\n<p class=\"paragraph\">Seg\u00fan relat\u00f3 el comediante de stand up en su video, fue <b>Citlalli<\/b>, pareja de <b>El Guana<\/b>, quien lo contact\u00f3 para solicitarle que enviara un mensaje de apoyo y afecto a su amigo dentro del reality. <b>Sosa<\/b> acept\u00f3 la propuesta debido a la relaci\u00f3n de amistad que mantiene con El Guana, a quien reconoci\u00f3 como un apoyo fundamental en su trayectoria teatral. <\/p>\n<p class=\"paragraph\">El comediante admiti\u00f3 que ten\u00eda conocimiento de que El Guana atravesaba un momento complicado en el programa, aunque desconoc\u00eda la magnitud de la situaci\u00f3n, y se mostr\u00f3 sorprendido al enterarse de que incluso se le hab\u00eda llegado a llamar \u201cJudas\u201d.<\/p>\n<p class=\"paragraph\">Posteriormente, Citlalli le proporcion\u00f3 una idea general sobre el contenido del mensaje que deb\u00eda transmitir a El Guana. M\u00e1s tarde, la producci\u00f3n del reality se puso en contacto con \u00e9l para preguntarle si ve\u00eda el programa, a lo que Sosa respondi\u00f3 negativamente y recibi\u00f3 como \u00fanica respuesta un \u201c<b>\u00a1Perfecto!<\/b>\u201d. La producci\u00f3n le explic\u00f3 entonces la mec\u00e1nica de la moneda y le indic\u00f3 que deb\u00eda esperar el momento oportuno para enviar su mensaje.<\/p>\n<p class=\"paragraph\">Cuando Abelito hall\u00f3 la moneda, Daniel Sosa relat\u00f3 que ya hab\u00eda tenido una relaci\u00f3n cordial con el influencer y que lo salud\u00f3 con entusiasmo al recibir la llamada. No obstante, Abelito respondi\u00f3 con gran \u00e1nimo, sin percatarse de inmediato de la identidad de su interlocutor. <\/p>\n<p><img alt=\"Daniel Sosa explic\u00f3 los hechos\" class=\"global-image\" decoding=\"async\" fetchpriority=\"low\" height=\"1600\" loading=\"lazy\" src=\"https:\/\/www.europesays.com\/es\/wp-content\/uploads\/2025\/09\/L75UPMRHQZAIJPBHH65IDLFRP4.jpeg\" width=\"1047\"\/>Daniel Sosa explic\u00f3 los hechos detr\u00e1s de la confusi\u00f3n con La Moneda del Destino. Foto: (Captura de pantalla)<\/p>\n<p class=\"paragraph\">Fue necesario que <b>La Jefa<\/b> interviniera para aclarar qui\u00e9n estaba al otro lado de la l\u00ednea. Sosa precis\u00f3 que, al inicio de la conversaci\u00f3n, se present\u00f3 diciendo: <b>\u201cSoy yo, Daniel Sosa\u201d<\/b>, pero Abelito no le prest\u00f3 atenci\u00f3n.<\/p>\n<p class=\"paragraph\">Durante la transmisi\u00f3n del reality, se observ\u00f3 c\u00f3mo Daniel Sosa le comunic\u00f3 a Abelito que actuaba siguiendo instrucciones de la producci\u00f3n para enviar un mensaje a El Guana. <\/p>\n<p class=\"paragraph\">En su reciente declaraci\u00f3n, el comediante reiter\u00f3 que comprend\u00eda la reacci\u00f3n de Abelito, a quien not\u00f3 visiblemente afectado al darse cuenta de que su papel era el de <b>mensajero <\/b>para otro concursante. <\/p>\n<p class=\"paragraph\">Sosa expres\u00f3 que la experiencia de hablar con alguien cuya voz se asemeja a la de su padre, solo para transmitir un mensaje a un tercero, <b>no correspond\u00eda al premio que Abelito merec\u00eda<\/b>. En palabras del propio comediante: \u201cEs como decir \u2018Ganaste, tu premio es hablar con un wey que suena como Chabelo y barrer\u2019\u201d.<\/p>\n<p class=\"paragraph\">Daniel Sosa consider\u00f3 que su intervenci\u00f3n habr\u00eda sido adecuada si el ganador del reto hubiera sido El Guana, pero en el caso de Abelito, estim\u00f3 que lo justo habr\u00eda sido permitirle comunicarse con un ser querido. El comediante concluy\u00f3: <b>\u201cYo creo que Abelito se merece s\u00ed o s\u00ed hablar con su pap\u00e1\u201d<\/b>.<\/p>\n","protected":false},"excerpt":{"rendered":"La din\u00e1mica de la moneda gener\u00f3 indignaci\u00f3n entre seguidores tras revelarse que Abelito no recibi\u00f3 el beneficio esperado.&hellip;\n","protected":false},"author":2,"featured_media":129615,"comment_status":"","ping_status":"","sticky":false,"template":"","format":"standard","meta":{"footnotes":""},"categories":[171],"tags":[146,147,25,24,23,214],"class_list":{"0":"post-129614","1":"post","2":"type-post","3":"status-publish","4":"format-standard","5":"has-post-thumbnail","7":"category-tv","8":"tag-entertainment","9":"tag-entretenimiento","10":"tag-es","11":"tag-espana","12":"tag-spain","13":"tag-tv"},"share_on_mastodon":{"url":"","error":""},"_links":{"self":[{"href":"https:\/\/www.europesays.com\/es\/wp-json\/wp\/v2\/posts\/129614","targetHints":{"allow":["GET"]}}],"collection":[{"href":"https:\/\/www.europesays.com\/es\/wp-json\/wp\/v2\/posts"}],"about":[{"href":"https:\/\/www.europesays.com\/es\/wp-json\/wp\/v2\/types\/post"}],"author":[{"embeddable":true,"href":"https:\/\/www.europesays.com\/es\/wp-json\/wp\/v2\/users\/2"}],"replies":[{"embeddable":true,"href":"https:\/\/www.europesays.com\/es\/wp-json\/wp\/v2\/comments?post=129614"}],"version-history":[{"count":0,"href":"https:\/\/www.europesays.com\/es\/wp-json\/wp\/v2\/posts\/129614\/revisions"}],"wp:featuredmedia":[{"embeddable":true,"href":"https:\/\/www.europesays.com\/es\/wp-json\/wp\/v2\/media\/129615"}],"wp:attachment":[{"href":"https:\/\/www.europesays.com\/es\/wp-json\/wp\/v2\/media?parent=129614"}],"wp:term":[{"taxonomy":"category","embeddable":true,"href":"https:\/\/www.europesays.com\/es\/wp-json\/wp\/v2\/categories?post=129614"},{"taxonomy":"post_tag","embeddable":true,"href":"https:\/\/www.europesays.com\/es\/wp-json\/wp\/v2\/tags?post=129614"}],"curies":[{"name":"wp","href":"https:\/\/api.w.org\/{rel}","templated":true}]}}