{"id":129619,"date":"2025-09-21T13:24:11","date_gmt":"2025-09-21T13:24:11","guid":{"rendered":"https:\/\/www.europesays.com\/es\/129619\/"},"modified":"2025-09-21T13:24:11","modified_gmt":"2025-09-21T13:24:11","slug":"espana-es-quinta-del-mundo-en-4x100m-en-el-triplete-de-melissa-jefferson-y-el-adios-de-shelly-ann-fraser-pryce","status":"publish","type":"post","link":"https:\/\/www.europesays.com\/es\/129619\/","title":{"rendered":"Espa\u00f1a es quinta del mundo en 4x100m en el triplete de Melissa Jefferson y el adi\u00f3s de Shelly-Ann Fraser-Pryce"},"content":{"rendered":"<p data-journey-content=\"true\" data-node-id=\"3\" class=\"css-6wxqfj emevuu60\"><strong data-node-id=\"3.0\">Llueve a c\u00e1ntaros en Tokio, igual que llov\u00eda en Guangzhou cuando hicieron historia<\/strong>. Esperan\u00e7a Cladera, Ja\u00ebl Bestu\u00e9, Paula Sevilla y Maribel P\u00e9rez ya no tienen nada que demostrar, pero sue\u00f1an con todo en la final mundial del revelo 4&#215;100 metros. <strong data-node-id=\"3.2\"><a href=\"https:\/\/www.runnersworld.com\/es\/noticias-running\/a64732874\/4x100m-femenino-hace-historia-atletismo-espanol-record-victoria-jamaica-fraser-pryce\/\" target=\"_blank\" data-vars-ga-outbound-link=\"https:\/\/www.runnersworld.com\/es\/noticias-running\/a64732874\/4x100m-femenino-hace-historia-atletismo-espanol-record-victoria-jamaica-fraser-pryce\/\" data-vars-ga-ux-element=\"Hyperlink\" data-vars-ga-call-to-action=\"Fueron medallistas de plata en el Mundial de Relevos\" data-node-id=\"3.2.0\" class=\"body-link css-b8iqzl emevuu60\" rel=\"nofollow noopener\">Fueron medallistas de plata en el Mundial de Relevos<\/a> en primavera, y hoy alcanzan su techo con una sensacional quinta plaza en Tokio<\/strong> entre las mejores velocistas del mundo entero. Su temporada es inolvidable: la velocidad espa\u00f1ola est\u00e1 en la \u00e9lite mundial.<\/p>\n<p data-journey-content=\"true\" data-node-id=\"6\" class=\"css-6wxqfj emevuu60\"><strong data-node-id=\"6.0\">Compitieron much\u00edsimo, como siempre<\/strong>. Las espa\u00f1olas miraron a la cara a Estados Unidos, Jamaica, Reino Unido y Alemania en todo momento. <strong data-node-id=\"6.2\">La curva inicial de Esperan\u00e7a Cladera fue brillante<\/strong>, capaz de hacer m\u00ednima la ventaja que la campeona de todo Shelly-Ann Fraser-Pryce sac\u00f3 en la calle inmediatamente a su izquierda. <strong data-node-id=\"6.4\">Las rectas de Ja\u00ebl Bestu\u00e9 son siempre impresionantes, y la plusmarquista nacional de 200m marc\u00f3 un incre\u00edble tramo de 10,01 segundos<\/strong> para mantener a Espa\u00f1a en la lucha por el podio.<\/p>\n<p data-journey-content=\"true\" data-node-id=\"8\" class=\"css-6wxqfj emevuu60\">Segunda curva para la sensaci\u00f3n del a\u00f1o,<strong data-node-id=\"8.1\"> Paula Sevilla, la mujer comod\u00edn de las dos medallas en el Mundial de Relevos y un enorme r\u00e9cord nacional de 400m en pista cubierta<\/strong>. La manchega, en paralelo a la plata mundial de 100m Tina Clayton, hizo el cuarto mejor tramo para mantener la cuarta posici\u00f3n a falta de 100 metros, pero el cambio final acab\u00f3 con el sue\u00f1o. <strong data-node-id=\"8.3\">Sevilla y Maribel P\u00e9rez compartieron un peque\u00f1o incidente en el \u00faltimo paso del testigo y la sevillana hubo de ralentizarse un poco<\/strong> para evitar la descalificaci\u00f3n, por lo que hizo el tramo final m\u00e1s lento de todas las finalistas, aunque una vez aceler\u00f3 <strong data-node-id=\"8.5\">fue capaz de mantener a raya a todas las perseguidoras, como acostumbra<\/strong>. Espa\u00f1a cruza la meta en quinto puesto con 42,47 segundos para igualar su mejor resultado en un Mundial, conseguido en Oreg\u00f3n 2022.<\/p>\n<p data-journey-content=\"true\" data-node-id=\"12\" class=\"css-6wxqfj emevuu60\">Hubiera sido necesario un r\u00e9cord nacional bajo la lluvia para aspirar a trepar alguna posici\u00f3n m\u00e1s, por lo que las relevistas espa\u00f1olas alcanzaron el techo para ellas en esta final del Campeonato del Mundo. Por delante,<strong data-node-id=\"12.1\"> las cuatro selecciones que las superaron hicieron una labor inolvidable con cuatro narrativas muy diferentes<\/strong>.<\/p>\n<p data-journey-content=\"true\" data-node-id=\"14\" class=\"css-6wxqfj emevuu60\"><strong data-node-id=\"14.0\">La victoria fue para Estados Unidos (41,75s), con protagonismo para la campeona de 100 y 200 metros, Melissa Jefferson-Wooden, que consigue un triple oro<\/strong> con una solvencia que recuerda a lo que hac\u00eda Usain Bolt hace ya m\u00e1s de una d\u00e9cada. Cerr\u00f3 el relevo <strong data-node-id=\"14.2\">Sha&#8217;Carri Richardson, que evita con el relevo irse de manos vac\u00edas del Mundial de Tokio<\/strong>, igual que en los Juegos Ol\u00edmpicos de Par\u00eds.<\/p>\n<p><img draggable=\"true\" alt=\"melissa jefferson wooden shelly ann fraser pryce relevo 4x100m mundial atletismo tokio\" title=\"melissa jefferson wooden shelly ann fraser pryce relevo 4x100m mundial atletismo tokio\" loading=\"lazy\" width=\"6717\" height=\"4478\" decoding=\"async\" data-nimg=\"1\" style=\"color:transparent;width:100%;height:auto;\"   src=\"https:\/\/www.europesays.com\/es\/wp-content\/uploads\/2025\/09\/athlete-melissa-jefferson-wooden-jamaicas-shelly-ann-fraser-news-photo-1758459914.pjpeg\" class=\"css-0 e1g79fud0\"\/><\/p>\n<p>JEWEL SAMAD\/\/Getty Images<\/p>\n<p data-journey-content=\"true\" data-node-id=\"17\" class=\"css-6wxqfj emevuu60\"><strong data-node-id=\"17.0\">Plata en Tokio para el equipo jamaicano (41,79s), en la \u00faltima carrera profesional de Shelly-Ann Fraser-Pryce, que consigue a los 38 a\u00f1os su medalla internacional n\u00famero 26<\/strong> contando mundiales y Juegos Ol\u00edmpicos. Tomaron el testigo (f\u00edsico y metaf\u00f3rico) de la legendaria Fraser-Pryce las j\u00f3venes hermanas Clayton, futuras estrellas de la velocidad jamaicana y mundial, de las cuales <strong data-node-id=\"17.2\">Tina, que hizo la mejor segunda curva del d\u00eda, fue la medalla de plata m\u00e1s joven de la historia de los 100 metros<\/strong> con 10,76s.<\/p>\n<p data-journey-content=\"true\" data-node-id=\"19\" class=\"css-6wxqfj emevuu60\">Milagrosa la medalla de bronce de Alemania (41,87s), que repite puesto en el podio respecto a Par\u00eds 2024. Pese a tener la peor primera posta del d\u00eda, una curva perfecta de Rebekka Haase devolvi\u00f3 a las europeas a la lucha por las medallas. <strong data-node-id=\"19.1\">Quintas antes del \u00faltimo 100m, su estrella Gina L\u00fcckenckemper hizo la mejor recta final de la tarde (9,85s) con m\u00e1s de dos d\u00e9cimas de ventaja<\/strong> para superar holgadamente a Espa\u00f1a y Reino Unido y rozar un premio mayor ante las selecciones intocables.<\/p>\n<p data-journey-content=\"true\" data-node-id=\"21\" class=\"css-6wxqfj emevuu60\">El equipo brit\u00e1nico arranc\u00f3 a ritmo de oro, pero no pudo mantener el nivel de sus dos primeras relevistas en la segunda mitad. <strong data-node-id=\"21.1\">Dina Asher-Smith hizo la mejor salida de la final y entreg\u00f3 en primer puesto a la plata de 200m Amy Hunt, que vol\u00f3 en menos de 10 segundos por la curva para entregar tambi\u00e9n primera<\/strong> en el ecuador de la prueba. Desir\u00e9e Henry y Daryll Neita hicieron lo que pudieron, pero Estados Unidos, Jamaica y Alemania terminaron por cazarlas (42,07s).<br data-node-id=\"21.3\"\/><\/p>\n<p><img draggable=\"true\" alt=\"relevos 4x100m estados unidos mundial atletismo tokio melissa jefferson wooden noah lyles\" title=\"relevos 4x100m estados unidos mundial atletismo tokio melissa jefferson wooden noah lyles\" loading=\"lazy\" width=\"7355\" height=\"4607\" decoding=\"async\" data-nimg=\"1\" style=\"color:transparent;width:100%;height:auto;\"   src=\"https:\/\/www.europesays.com\/es\/wp-content\/uploads\/2025\/09\/gold-medalists-kayla-white-christian-coleman-shacarri-news-photo-1758459851.pjpeg\" class=\"css-0 e1g79fud0\"\/><\/p>\n<p>Anadolu\/\/Getty Images<\/p>\n<p>Noah Lyles cierra para el oro estadounidense sin Jamaica en la final y con el oro &#8216;de siempre&#8217; de Canad\u00e1 y De Grasse<\/p>\n<p data-journey-content=\"true\" data-node-id=\"25\" class=\"css-6wxqfj emevuu60\">Doblete americano en el relevo corto. <strong data-node-id=\"25.1\">Estados Unidos domin\u00f3 la final del 4x100m masculino (37,29s), desde la salida de Christian Coleman y la contrarrecta de Kenny Bednarek, hasta la imparable recta final de Noah Lyles<\/strong>, tras la mejor curva de la noche a cargo de Courtney Lindsey. El tetracampe\u00f3n del mundo de 200 metros cosecha su segundo oro y tercera medalla en el Mundial de Tokio con una posta final inigualable para mantener detr\u00e1s al equipo canadiense.<\/p>\n<p data-journey-content=\"true\" data-node-id=\"27\" class=\"css-6wxqfj emevuu60\">Los canadienses, campeones ol\u00edmpicos, no le pusieron f\u00e1cil el oro mundial a Estados Unidos gracias a una <strong data-node-id=\"27.1\">perfecta contrarrecta de Jerome Brown y la siempre efectiva posta final de Andr\u00e9 De Grasse, que sigue siendo al\u00e9rgico a irse de un gran campeonato sin una medalla (37,55s)<\/strong>. El bronce fue para <strong data-node-id=\"27.3\">Pa\u00edses Bajos (37,81s), que pudo con Ghana gracias a su r\u00e9cord nacional <\/strong>y la mejor recta final gracias a Elvis Afrifa (8,79s).<\/p>\n<p>Contenidos relacionados<img src=\"https:\/\/www.europesays.com\/es\/wp-content\/uploads\/2025\/09\/84593e08-8820-43a6-b6d1-43000eeccd0f_1700579163.file\" alt=\"Headshot of \u00c1lvaro Garc\u00eda\" title=\"Headshot of \u00c1lvaro Garc\u00eda\" width=\"100%\" height=\"100%\" decoding=\"async\" loading=\"lazy\" class=\"css-o0wq4v ev8dhu53\"\/><\/p>\n<p>\u00a0<a href=\"https:\/\/www.linkedin.com\/in\/%C3%A1lvaro-garc%C3%ADa-de-la-cruz-a71328252\/\" rel=\"nofollow noopener\" target=\"_blank\">\u00c1lvaro Garc\u00eda<\/a> es un estudiante de periodismo de la Universidad Complutense de Madrid cuya pasi\u00f3n es la comunicaci\u00f3n y el deporte. Sobre todo la comunicaci\u00f3n deportiva.<\/p>\n<p>Se enamor\u00f3 del deporte a los tres a\u00f1os, viendo los Juegos Ol\u00edmpicos de Beijing en un hotelillo de Fuerteventura. \u00a0Desde que le regalaron una m\u00e1quina de escribir a los 12 a\u00f1os no ha parado de hacer art\u00edculos sobre todas las disciplinas deportivas que conoce. De esta forma se dio cuenta de que quer\u00eda ser periodista muy temprano y decidi\u00f3 fundar su propia revista deportiva, Chapman. Revista en la que tratan temas relacionados con la actualidad deportiva del f\u00fatbol, baloncesto, tenis y atletismo, entre otras especialidades.<\/p>\n<p>Gracias a ello ha estado acreditado en competiciones de RFEA y World Athletics, mundiales FIBA, Liga ACB, mundiales de hockey hielo, de X-Trial, partidos de rugby en el Metropolitano y muchos otros eventos que antes segu\u00eda por televisi\u00f3n.<\/p>\n<p>Tiene la costumbre (o man\u00eda) de ir estrechando manos y present\u00e1ndose a colegas y deportistas. Y es un aficionado al deporte de domingos, el de ver en el sof\u00e1 y el de jugar con amigos en el primer terreno que se preste.<\/p>\n<p>Actualmente lleva las redes de Runner\u2019s World y escribe sobre actualidad del mundo del atletismo los fines de semana.\u00a0<\/p>\n","protected":false},"excerpt":{"rendered":"Llueve a c\u00e1ntaros en Tokio, igual que llov\u00eda en Guangzhou cuando hicieron historia. Esperan\u00e7a Cladera, Ja\u00ebl Bestu\u00e9, Paula&hellip;\n","protected":false},"author":2,"featured_media":129620,"comment_status":"","ping_status":"","sticky":false,"template":"","format":"standard","meta":{"footnotes":""},"categories":[93],"tags":[168,253,25,24,23,167],"class_list":{"0":"post-129619","1":"post","2":"type-post","3":"status-publish","4":"format-standard","5":"has-post-thumbnail","7":"category-deportes","8":"tag-deportes","9":"tag-discover","10":"tag-es","11":"tag-espana","12":"tag-spain","13":"tag-sports"},"share_on_mastodon":{"url":"","error":""},"_links":{"self":[{"href":"https:\/\/www.europesays.com\/es\/wp-json\/wp\/v2\/posts\/129619","targetHints":{"allow":["GET"]}}],"collection":[{"href":"https:\/\/www.europesays.com\/es\/wp-json\/wp\/v2\/posts"}],"about":[{"href":"https:\/\/www.europesays.com\/es\/wp-json\/wp\/v2\/types\/post"}],"author":[{"embeddable":true,"href":"https:\/\/www.europesays.com\/es\/wp-json\/wp\/v2\/users\/2"}],"replies":[{"embeddable":true,"href":"https:\/\/www.europesays.com\/es\/wp-json\/wp\/v2\/comments?post=129619"}],"version-history":[{"count":0,"href":"https:\/\/www.europesays.com\/es\/wp-json\/wp\/v2\/posts\/129619\/revisions"}],"wp:featuredmedia":[{"embeddable":true,"href":"https:\/\/www.europesays.com\/es\/wp-json\/wp\/v2\/media\/129620"}],"wp:attachment":[{"href":"https:\/\/www.europesays.com\/es\/wp-json\/wp\/v2\/media?parent=129619"}],"wp:term":[{"taxonomy":"category","embeddable":true,"href":"https:\/\/www.europesays.com\/es\/wp-json\/wp\/v2\/categories?post=129619"},{"taxonomy":"post_tag","embeddable":true,"href":"https:\/\/www.europesays.com\/es\/wp-json\/wp\/v2\/tags?post=129619"}],"curies":[{"name":"wp","href":"https:\/\/api.w.org\/{rel}","templated":true}]}}