{"id":129621,"date":"2025-09-21T13:25:08","date_gmt":"2025-09-21T13:25:08","guid":{"rendered":"https:\/\/www.europesays.com\/es\/129621\/"},"modified":"2025-09-21T13:25:08","modified_gmt":"2025-09-21T13:25:08","slug":"galicia-comienza-este-lunes-la-campana-de-vacunacion-frente-al-virus-respiratorio-sincitial-2","status":"publish","type":"post","link":"https:\/\/www.europesays.com\/es\/129621\/","title":{"rendered":"Galicia comienza este lunes la campa\u00f1a de vacunaci\u00f3n frente al virus respiratorio sincitial"},"content":{"rendered":"<p>\u00a0\u00a0\u00a0SANTIAGO DE COMPOSTELA, 21 Sep. (EUROPA PRESS) &#8211; <\/p>\n<p>\u00a0\u00a0\u00a0La Xunta, a trav\u00e9s de la Direcci\u00f3n Xeral Sa\u00fade P\u00fablica, comenzar\u00e1 este lunes una nueva campa\u00f1a de inmunizaci\u00f3n frente al virus respiratorio sincitial (VRS) con el fin de prevenir las hospitalizaciones por este virus en los lactantes.<\/p>\n<p>\u00a0\u00a0\u00a0Este lunes comenzar\u00e1 la administraci\u00f3n de esta vacuna en los hospitales para todos aquellos beb\u00e9s que nazcan hasta el fin de la campa\u00f1a en marzo de 2026.<\/p>\n<p>\u00a0\u00a0\u00a0El mismo d\u00eda se inicia la citaci\u00f3n de beb\u00e9s prematuros menores de 12 meses y lactantes con alto riesgo de enfermedad grave por este virus que sean menores de 24 meses.<\/p>\n<p>\u00a0\u00a0\u00a0Asimismo, a partir del lunes 29 de septiembre ser\u00e1n convocados de forma activa los menores de seis meses que nacieron entre el 1 de abril y el 21 de septiembre de 2025.<\/p>\n<p>\u00a0\u00a0\u00a0La inmunizaci\u00f3n frente al virus que causa la bronquiolitis fue administrada a 12.719 ni\u00f1os en la pasada temporada. Esto representa el 100% de beb\u00e9s con factores de riesgo, el 91,74% en el caso de los recaptados en 2024 y el 98,27% de los beb\u00e9s nacidos durante la \u00faltima campa\u00f1a.<\/p>\n","protected":false},"excerpt":{"rendered":"\u00a0\u00a0\u00a0SANTIAGO DE COMPOSTELA, 21 Sep. (EUROPA PRESS) &#8211; \u00a0\u00a0\u00a0La Xunta, a trav\u00e9s de la Direcci\u00f3n Xeral Sa\u00fade P\u00fablica,&hellip;\n","protected":false},"author":2,"featured_media":129622,"comment_status":"","ping_status":"","sticky":false,"template":"","format":"standard","meta":{"footnotes":""},"categories":[92],"tags":[25,24,165,166,23],"class_list":{"0":"post-129621","1":"post","2":"type-post","3":"status-publish","4":"format-standard","5":"has-post-thumbnail","7":"category-salud","8":"tag-es","9":"tag-espana","10":"tag-health","11":"tag-salud","12":"tag-spain"},"share_on_mastodon":{"url":"","error":""},"_links":{"self":[{"href":"https:\/\/www.europesays.com\/es\/wp-json\/wp\/v2\/posts\/129621","targetHints":{"allow":["GET"]}}],"collection":[{"href":"https:\/\/www.europesays.com\/es\/wp-json\/wp\/v2\/posts"}],"about":[{"href":"https:\/\/www.europesays.com\/es\/wp-json\/wp\/v2\/types\/post"}],"author":[{"embeddable":true,"href":"https:\/\/www.europesays.com\/es\/wp-json\/wp\/v2\/users\/2"}],"replies":[{"embeddable":true,"href":"https:\/\/www.europesays.com\/es\/wp-json\/wp\/v2\/comments?post=129621"}],"version-history":[{"count":0,"href":"https:\/\/www.europesays.com\/es\/wp-json\/wp\/v2\/posts\/129621\/revisions"}],"wp:featuredmedia":[{"embeddable":true,"href":"https:\/\/www.europesays.com\/es\/wp-json\/wp\/v2\/media\/129622"}],"wp:attachment":[{"href":"https:\/\/www.europesays.com\/es\/wp-json\/wp\/v2\/media?parent=129621"}],"wp:term":[{"taxonomy":"category","embeddable":true,"href":"https:\/\/www.europesays.com\/es\/wp-json\/wp\/v2\/categories?post=129621"},{"taxonomy":"post_tag","embeddable":true,"href":"https:\/\/www.europesays.com\/es\/wp-json\/wp\/v2\/tags?post=129621"}],"curies":[{"name":"wp","href":"https:\/\/api.w.org\/{rel}","templated":true}]}}