{"id":129623,"date":"2025-09-21T13:26:05","date_gmt":"2025-09-21T13:26:05","guid":{"rendered":"https:\/\/www.europesays.com\/es\/129623\/"},"modified":"2025-09-21T13:26:05","modified_gmt":"2025-09-21T13:26:05","slug":"el-consistorio-reafirma-su-apuesta-por-el-sector-audiovisual-en-el-festival-de-san-sebastian","status":"publish","type":"post","link":"https:\/\/www.europesays.com\/es\/129623\/","title":{"rendered":"El Consistorio reafirma su apuesta por el sector audiovisual en el Festival de San Sebasti\u00e1n"},"content":{"rendered":"<p>El Ayuntamiento de Madrid ha celebrado esta semana la cuarta edici\u00f3n de \u2018Algo se cuece en Madrid\u2019, encuentro organizado conjuntamente con la Comunidad de Madrid, que se celebra en el marco del Festival Internacional de Cine de San Sebasti\u00e1n. Convertido en una cita de referencia para productoras nacionales e internacionales presentes en el certamen, as\u00ed como para representantes institucionales y medios especializados, la iniciativa persigue dar a conocer las oportunidades que Madrid y su regi\u00f3n ofrecen a la industria audiovisual.<\/p>\n<p>En el marco del encuentro, que ha contado con la participaci\u00f3n de la coordinadora general de la Alcald\u00eda, Inmaculada S\u00e1nchez-Cervera Vald\u00e9s; se ha puesto de relieve la posici\u00f3n de Madrid como uno de los grandes centros de producci\u00f3n audiovisual en Europa, as\u00ed como el compromiso de los gobiernos municipal y regional por consolidar este liderazgo.<\/p>\n<p>Ambas administraciones han destacado su colaboraci\u00f3n para impulsar el crecimiento del sector mediante ayudas directas destinadas al desarrollo, producci\u00f3n y promoci\u00f3n de proyectos, adem\u00e1s de iniciativas de formaci\u00f3n, laboratorios de creaci\u00f3n y foros de coproducci\u00f3n. Durante el acto, se ha hecho hincapi\u00e9 en la relevancia estrat\u00e9gica de la industria audiovisual para Madrid tanto en t\u00e9rminos econ\u00f3micos como culturales y de proyecci\u00f3n internacional.<\/p>\n<p>El evento ha contado tambi\u00e9n con la participaci\u00f3n de representantes de Madrid Film Office y de la gerente del Cl\u00faster Audiovisual de Madrid, Teresa Azcona, adem\u00e1s de un nutrido grupo de representantes del tejido industrial madrile\u00f1o.<\/p>\n<p><strong>Apoyo municipal al sector audiovisual: ayudas directas, programas y foros<\/strong><\/p>\n<p>El Ayuntamiento ha reiterado su apoyo al sector en todas las fases de creaci\u00f3n de un proyecto audiovisual, desde el desarrollo hasta la distribuci\u00f3n y S\u00e1nchez-Cervera ha subrayado el momento que vive Madrid, \u201cque se ha consolidado como un actor protagonista en Espa\u00f1a y en el panorama internacional\u201d.<\/p>\n<p>Las cifras lo avalan, ya que \u201ccuatro de cada diez empleos del audiovisual en Espa\u00f1a est\u00e1n en Madrid y tres de cada cuatro euros que genera el sector tambi\u00e9n\u201d. Adem\u00e1s, el a\u00f1o pasado la ciudad acogi\u00f3 41 rodajes de largometrajes, 53 series y m\u00e1s de 430 anuncios, incluyendo 62 producciones internacionales, lo que demuestra que \u201cMadrid no solo produce, Madrid atrae e inspira\u201d.<\/p>\n<p>Entre las iniciativas de apoyo municipal al audiovisual, destacan el programa de Residencias de la Academia de Cine, laboratorios como TorinoFilmLab, European Writers Club y Cartoon Springboard; as\u00ed como foros y mercados especializados como VentanaMad, EMERGENTE e Iberseries &amp; Platino Industria.<\/p>\n<p>Tambi\u00e9n se ha impulsado la creaci\u00f3n del Cl\u00faster Audiovisual de Madrid y la colaboraci\u00f3n con la sociedad de garant\u00eda rec\u00edproca dedicada a mejorar la financiaci\u00f3n de proyectos culturales, CREA SGR, con m\u00e1s de 8 millones de euros destinados a avales para facilitar la financiaci\u00f3n de proyectos.<\/p>\n<p>El sector audiovisual madrile\u00f1o cuenta tambi\u00e9n con el apoyo de Madrid Film Office, oficina encargada de promocionar la ciudad como escenario de rodaje de producciones audiovisuales y adscrita al \u00c1rea Delegada de Turismo. A trav\u00e9s de esta oficina, en 2024, se ofrecieron m\u00e1s de 3.853 asistencias espec\u00edficas a producciones, lo que supone un incremento de casi un 18 % respecto a 2023. Tambi\u00e9n mantiene una actividad constante de promoci\u00f3n de la ciudad en eventos nacionales e internacionales e impulsa la organizaci\u00f3n de foros, premios y mercados en la ciudad destinados a posicionar Madrid como un hub destacado para el sector audiovisual en Europa. Adem\u00e1s, desarrolla rutas y acciones destinadas a fomentar el turismo de pantalla en la ciudad, subsegmento en auge para el que Madrid cuenta con un gran potencial por su amplio patrimonio cinematogr\u00e1fico y la intensa producci\u00f3n de su industria audiovisual en la actualidad.<\/p>\n<p>En cuanto a las ayudas directas, el Ayuntamiento destina 3 millones de euros, ampliables en 4, a la producci\u00f3n, promoci\u00f3n y distribuci\u00f3n de largometrajes. Todo ello, con el objetivo de \u201crespaldar el talento y la labor de los profesionales de Madrid, el alma de una ciudad que es plat\u00f3, escuela, centro de innovaci\u00f3n y espacio de oportunidades y negocio\u201d, seg\u00fan S\u00e1nchez-Cervera.<\/p>\n<p>Desde 2023, el Ayuntamiento, a trav\u00e9s de la Coordinaci\u00f3n General de la Alcald\u00eda, ha invertido m\u00e1s de 11,5 millones en el fomento de las empresas y profesionales audiovisuales.<\/p>\n<p>Los frutos de este esfuerzo se reflejan en los principales festivales y premios. Producciones apoyadas por el Ayuntamiento han brillado en la temporada 2024-2025: la producci\u00f3n Segundo Premio se ha alzado con tres Goya; Buscando a Coque ha sido reconocida en los Premios Platino y tambi\u00e9n se han aplaudido t\u00edtulos como Ciudad sin sue\u00f1o y Anoche conquist\u00e9 Tebas, surgidos del programa Residencias y premiados en Cannes y Venecia. A ellos se suman Lo que queda de ti, distinguida en el festival de Cine de M\u00e1laga y varias pel\u00edculas presentes estos d\u00edas en el Festival de San Sebasti\u00e1n como The Sleeper, El \u00faltimo arrebato, Las delicias del jard\u00edn\u00a0y\u00a08.<\/p>\n<p>En paralelo al acto y durante su estancia en la ciudad vasca, la coordinadora general de la Alcald\u00eda ha mantenido diversas reuniones con representantes de la industria audiovisual espa\u00f1ola e internacional.\/<\/p>\n","protected":false},"excerpt":{"rendered":"El Ayuntamiento de Madrid ha celebrado esta semana la cuarta edici\u00f3n de \u2018Algo se cuece en Madrid\u2019, encuentro&hellip;\n","protected":false},"author":2,"featured_media":129624,"comment_status":"","ping_status":"","sticky":false,"template":"","format":"standard","meta":{"footnotes":""},"categories":[91],"tags":[146,147,25,24,23],"class_list":{"0":"post-129623","1":"post","2":"type-post","3":"status-publish","4":"format-standard","5":"has-post-thumbnail","7":"category-entretenimiento","8":"tag-entertainment","9":"tag-entretenimiento","10":"tag-es","11":"tag-espana","12":"tag-spain"},"share_on_mastodon":{"url":"","error":""},"_links":{"self":[{"href":"https:\/\/www.europesays.com\/es\/wp-json\/wp\/v2\/posts\/129623","targetHints":{"allow":["GET"]}}],"collection":[{"href":"https:\/\/www.europesays.com\/es\/wp-json\/wp\/v2\/posts"}],"about":[{"href":"https:\/\/www.europesays.com\/es\/wp-json\/wp\/v2\/types\/post"}],"author":[{"embeddable":true,"href":"https:\/\/www.europesays.com\/es\/wp-json\/wp\/v2\/users\/2"}],"replies":[{"embeddable":true,"href":"https:\/\/www.europesays.com\/es\/wp-json\/wp\/v2\/comments?post=129623"}],"version-history":[{"count":0,"href":"https:\/\/www.europesays.com\/es\/wp-json\/wp\/v2\/posts\/129623\/revisions"}],"wp:featuredmedia":[{"embeddable":true,"href":"https:\/\/www.europesays.com\/es\/wp-json\/wp\/v2\/media\/129624"}],"wp:attachment":[{"href":"https:\/\/www.europesays.com\/es\/wp-json\/wp\/v2\/media?parent=129623"}],"wp:term":[{"taxonomy":"category","embeddable":true,"href":"https:\/\/www.europesays.com\/es\/wp-json\/wp\/v2\/categories?post=129623"},{"taxonomy":"post_tag","embeddable":true,"href":"https:\/\/www.europesays.com\/es\/wp-json\/wp\/v2\/tags?post=129623"}],"curies":[{"name":"wp","href":"https:\/\/api.w.org\/{rel}","templated":true}]}}