{"id":129625,"date":"2025-09-21T13:27:07","date_gmt":"2025-09-21T13:27:07","guid":{"rendered":"https:\/\/www.europesays.com\/es\/129625\/"},"modified":"2025-09-21T13:27:07","modified_gmt":"2025-09-21T13:27:07","slug":"ni-teams-ni-zoom-mark-zuckerberg-dirige-meta-mediante-mensajes-de-texto-gracias-a-los-nuevos-dispositivos-de-la-compania","status":"publish","type":"post","link":"https:\/\/www.europesays.com\/es\/129625\/","title":{"rendered":"Ni Teams ni Zoom, Mark Zuckerberg dirige Meta mediante mensajes de texto gracias a los nuevos dispositivos de la compa\u00f1\u00eda"},"content":{"rendered":"<p>Mark Zuckerberg ha encontrado una nueva forma de dirigir Meta, y <b>no es a trav\u00e9s de reuniones interminables o correos electr\u00f3nicos formales<\/b>, clich\u00e9s ampliamente arraigados a la hora de hablar de las altas esferas directivas. Tampoco se trata de Microsoft Teams o de Zoom, la compa\u00f1\u00eda que lidera Eric Yuan, quien recientemente ha abogado por la <a title=\"opci\u00f3n de reducir la semana laboral\" href=\"https:\/\/www.larazon.es\/tecnologia-consumo\/ceo-zoom-acuerdo-bill-gates-jensen-huang-semana-laboral-3-dias-sera-realidad_2025091668c9344d37083b1b01b0ae3a.html\" target=\"_blank\" rel=\"nofollow noopener\">opci\u00f3n de reducir la semana laboral<\/a>.<\/p>\n<p>El metodo elegido por el fundador de Facebook es mucho m\u00e1s tradicional, aunque es cierto que adaptado a los tiempos modernos. Y es que seg\u00fan ha indicado el propio CEO de Meta gestiona buena parte de su comunicaci\u00f3n ejecutiva diaria <b>a trav\u00e9s de mensajes de texto<\/b>\u2026 enviados, eso s\u00ed, desde sus gafas inteligentes.<\/p>\n<p>Zuckerberg da ejemplo con las nuevas Meta Ray-Ban Display<\/p>\n<p>El director ejecutivo de Meta <b>utiliza a diario las nuevas Meta Ray-Ban Display<\/b>, unas gafas de realidad aumentada que son <a title=\"el \u00faltimo gran lanzamiento de su compa\u00f1\u00eda\" href=\"https:\/\/www.larazon.es\/tecnologia-consumo\/nuevas-meta-rayban-display-asi-son-nuevas-gafas-pantalla-integrada_2025091868cbbe101b05386b629ff365.html\" target=\"_blank\" rel=\"nofollow noopener\">el \u00faltimo gran lanzamiento de su compa\u00f1\u00eda<\/a>. El dispositivo integra una pantalla de visualizaci\u00f3n frontal. Pero lo m\u00e1s llamativo no es la pantalla en s\u00ed \u2014una tecnolog\u00eda que ya exploraron las Google Glass hace m\u00e1s de una d\u00e9cada\u2014, sino el sistema que utiliza para escribir: una pulsera neuronal que detecta los impulsos el\u00e9ctricos del sistema nervioso muscular del brazo.<\/p>\n<p><b>\u201cDirijo la empresa a trav\u00e9s de mensajes de texto\u201d<\/b>, declar\u00f3 Zuckerberg en una <a title=\"entrevista concedida a The Verge\" href=\"https:\/\/www.theverge.com\/tech\/780539\/meta-ray-ban-display-mark-zuckerberg-interview\" target=\"_blank\" rel=\"nofollow noopener\">entrevista concedida a The Verge<\/a> con motivo del inminente lanzamiento de las nuevas Meta Ray-Ban Display. Y no es una exageraci\u00f3n.<\/p>\n<p>Seg\u00fan Alex Himel, director de la divisi\u00f3n de wearables de Meta, el CEO es el usuario m\u00e1s activo de este dispositivo. \u201cMark es nuestro usuario m\u00e1s frecuente\u201d, confirm\u00f3 Himel. Aunque Zuckerberg es conocido por escribir mensajes largos y detallados, el equipo nota cu\u00e1ndo est\u00e1 escribiendo desde las gafas: <b>los textos llegan m\u00e1s r\u00e1pido y son mucho m\u00e1s breves<\/b>.<\/p>\n<p>La pulsera neuronal de Meta representa uno de los avances m\u00e1s innovadores de la compa\u00f1\u00eda en la<b> interacci\u00f3n humano-m\u00e1quina<\/b>. A diferencia de otros dispositivos que requieren escribir en el aire o tocar pantallas, este wearable capta gestos sutiles, incluso si la mano est\u00e1 a un lado, en el bolsillo o detr\u00e1s de la espalda. \u201cPuedes tener la mano a un lado, a la espalda, en el bolsillo de la chaqueta; sigue funcionando\u201d, asegura Zuckerberg.<\/p>\n<p>El ejecutivo afirma que ya ha alcanzado una <b>velocidad de escritura de unas 30 palabras por minuto<\/b>, una cifra notable teniendo en cuenta que no utiliza teclado f\u00edsico ni pantalla t\u00e1ctil. Para quienes han probado el dispositivo, la experiencia se asemeja m\u00e1s a la ciencia ficci\u00f3n que a la tecnolog\u00eda convencional.<\/p>\n<p>Este nuevo enfoque del CEO no solo ilustra su compromiso con las tecnolog\u00edas emergentes de Meta, sino tambi\u00e9n una visi\u00f3n del futuro en la que la comunicaci\u00f3n digital se integra de manera casi invisible en el d\u00eda a d\u00eda. Si Zuckerberg ya <b>dirige una de las empresas m\u00e1s influyentes del mundo desde sus gafas<\/b>, quiz\u00e1s lo que parec\u00eda futurista hace unos a\u00f1os est\u00e9, literalmente, en el bolsillo de la chaqueta.<\/p>\n","protected":false},"excerpt":{"rendered":"Mark Zuckerberg ha encontrado una nueva forma de dirigir Meta, y no es a trav\u00e9s de reuniones interminables&hellip;\n","protected":false},"author":2,"featured_media":129626,"comment_status":"","ping_status":"","sticky":false,"template":"","format":"standard","meta":{"footnotes":""},"categories":[81],"tags":[119,123,124,25,24,117,121,122,23,118,120],"class_list":{"0":"post-129625","1":"post","2":"type-post","3":"status-publish","4":"format-standard","5":"has-post-thumbnail","7":"category-ciencia-y-tecnologia","8":"tag-ciencia","9":"tag-ciencia-y-tecnologia","10":"tag-cienciaytecnologia","11":"tag-es","12":"tag-espana","13":"tag-science","14":"tag-science-and-technology","15":"tag-scienceandtechnology","16":"tag-spain","17":"tag-technology","18":"tag-tecnologia"},"share_on_mastodon":{"url":"","error":""},"_links":{"self":[{"href":"https:\/\/www.europesays.com\/es\/wp-json\/wp\/v2\/posts\/129625","targetHints":{"allow":["GET"]}}],"collection":[{"href":"https:\/\/www.europesays.com\/es\/wp-json\/wp\/v2\/posts"}],"about":[{"href":"https:\/\/www.europesays.com\/es\/wp-json\/wp\/v2\/types\/post"}],"author":[{"embeddable":true,"href":"https:\/\/www.europesays.com\/es\/wp-json\/wp\/v2\/users\/2"}],"replies":[{"embeddable":true,"href":"https:\/\/www.europesays.com\/es\/wp-json\/wp\/v2\/comments?post=129625"}],"version-history":[{"count":0,"href":"https:\/\/www.europesays.com\/es\/wp-json\/wp\/v2\/posts\/129625\/revisions"}],"wp:featuredmedia":[{"embeddable":true,"href":"https:\/\/www.europesays.com\/es\/wp-json\/wp\/v2\/media\/129626"}],"wp:attachment":[{"href":"https:\/\/www.europesays.com\/es\/wp-json\/wp\/v2\/media?parent=129625"}],"wp:term":[{"taxonomy":"category","embeddable":true,"href":"https:\/\/www.europesays.com\/es\/wp-json\/wp\/v2\/categories?post=129625"},{"taxonomy":"post_tag","embeddable":true,"href":"https:\/\/www.europesays.com\/es\/wp-json\/wp\/v2\/tags?post=129625"}],"curies":[{"name":"wp","href":"https:\/\/api.w.org\/{rel}","templated":true}]}}