{"id":129627,"date":"2025-09-21T13:28:08","date_gmt":"2025-09-21T13:28:08","guid":{"rendered":"https:\/\/www.europesays.com\/es\/129627\/"},"modified":"2025-09-21T13:28:08","modified_gmt":"2025-09-21T13:28:08","slug":"el-cabildo-licita-la-instalacion-de-la-nueva-planta-fotovoltaica-del-complejo-ambiental-de-el-revolcadero-gomera-verde","status":"publish","type":"post","link":"https:\/\/www.europesays.com\/es\/129627\/","title":{"rendered":"El Cabildo licita la instalaci\u00f3n de la nueva planta fotovoltaica del Complejo Ambiental de El Revolcadero | Gomera Verde"},"content":{"rendered":"<p><img decoding=\"async\" alt=\"[Img #100749]\" class=\"RichTextAlignCenter\" src=\"https:\/\/www.europesays.com\/es\/wp-content\/uploads\/2025\/09\/1195_00.jpg\"\/><\/p>\n<p>\u00a0<\/p>\n<p>El Cabildo de La Gomera ha sacado a licitaci\u00f3n la instalaci\u00f3n de energ\u00eda fotovoltaica para el Complejo Ambiental de El Revolcadero. Con esta actuaci\u00f3n, la Instituci\u00f3n insular avanza en su estrategia de sostenibilidad y eficiencia energ\u00e9tica, orientada a dotar a las infraestructuras p\u00fablicas de sistemas de autoconsumo que reduzcan la dependencia de la red el\u00e9ctrica convencional.<\/p>\n<p>\u00a0<\/p>\n<p>El presidente del Cabildo, Casimiro Curbelo, record\u00f3 que esta actuaci\u00f3n viene a sumarse a las m\u00e1s de 150 instalaciones fotovoltaicas que desde 2022 se han ejecutado en la isla, bien sea en edificios, viviendas y empresas, o infraestructuras p\u00fablicas, \u201ctodo ello, fruto de la cooperaci\u00f3n entre la instituci\u00f3n, los ayuntamientos y el sector privado\u201d.<\/p>\n<p>\u00a0<\/p>\n<p>La inversi\u00f3n prevista asciende a 119.392,48 euros, con un plazo de ejecuci\u00f3n estimado de tres meses. La iniciativa permitir\u00e1 disminuir las emisiones de gases de efecto invernadero, al tiempo que optimiza los costes de suministro del centro.<\/p>\n<p>\u00a0<\/p>\n<p>En este caso, el proyecto destinado al Complejo Ambiental de El Revolcadero contempla la colocaci\u00f3n de 75 m\u00f3dulos solares de alta eficiencia sobre las cubiertas inclinadas de las naves del complejo, con una potencia total instalada de 40,5 kWp. Adem\u00e1s, se incorporan tres inversores \u2013dos de autoconsumo y uno h\u00edbrido\u2013 y un sistema de acumulaci\u00f3n de energ\u00eda con bater\u00edas de litio con capacidad de 33,12 kWh.<\/p>\n<p>\u00a0<\/p>\n<p>\u00a0<\/p>\n","protected":false},"excerpt":{"rendered":"\u00a0 El Cabildo de La Gomera ha sacado a licitaci\u00f3n la instalaci\u00f3n de energ\u00eda fotovoltaica para el Complejo&hellip;\n","protected":false},"author":2,"featured_media":129628,"comment_status":"","ping_status":"","sticky":false,"template":"","format":"standard","meta":{"footnotes":""},"categories":[80],"tags":[82,1896,14491,168,95,94,25,24,14490,14493,14487,14489,14488,10,14492,23],"class_list":{"0":"post-129627","1":"post","2":"type-post","3":"status-publish","4":"format-standard","5":"has-post-thumbnail","7":"category-economia","8":"tag-business","9":"tag-canarias","10":"tag-chacaras","11":"tag-deportes","12":"tag-economia","13":"tag-economy","14":"tag-es","15":"tag-espana","16":"tag-esquelas","17":"tag-folklore","18":"tag-gomeraverde","19":"tag-lagomera","20":"tag-necrologicas","21":"tag-noticias","22":"tag-silbo","23":"tag-spain"},"share_on_mastodon":{"url":"","error":""},"_links":{"self":[{"href":"https:\/\/www.europesays.com\/es\/wp-json\/wp\/v2\/posts\/129627","targetHints":{"allow":["GET"]}}],"collection":[{"href":"https:\/\/www.europesays.com\/es\/wp-json\/wp\/v2\/posts"}],"about":[{"href":"https:\/\/www.europesays.com\/es\/wp-json\/wp\/v2\/types\/post"}],"author":[{"embeddable":true,"href":"https:\/\/www.europesays.com\/es\/wp-json\/wp\/v2\/users\/2"}],"replies":[{"embeddable":true,"href":"https:\/\/www.europesays.com\/es\/wp-json\/wp\/v2\/comments?post=129627"}],"version-history":[{"count":0,"href":"https:\/\/www.europesays.com\/es\/wp-json\/wp\/v2\/posts\/129627\/revisions"}],"wp:featuredmedia":[{"embeddable":true,"href":"https:\/\/www.europesays.com\/es\/wp-json\/wp\/v2\/media\/129628"}],"wp:attachment":[{"href":"https:\/\/www.europesays.com\/es\/wp-json\/wp\/v2\/media?parent=129627"}],"wp:term":[{"taxonomy":"category","embeddable":true,"href":"https:\/\/www.europesays.com\/es\/wp-json\/wp\/v2\/categories?post=129627"},{"taxonomy":"post_tag","embeddable":true,"href":"https:\/\/www.europesays.com\/es\/wp-json\/wp\/v2\/tags?post=129627"}],"curies":[{"name":"wp","href":"https:\/\/api.w.org\/{rel}","templated":true}]}}