{"id":129631,"date":"2025-09-21T13:30:10","date_gmt":"2025-09-21T13:30:10","guid":{"rendered":"https:\/\/www.europesays.com\/es\/129631\/"},"modified":"2025-09-21T13:30:10","modified_gmt":"2025-09-21T13:30:10","slug":"detenidos-dos-ocupantes-de-la-narcolancha-en-la-que-murio-otro-al-chocar-con-una-patrullera-de-la-guardia-civil-en-algeciras","status":"publish","type":"post","link":"https:\/\/www.europesays.com\/es\/129631\/","title":{"rendered":"Detenidos dos ocupantes de la narcolancha en la que muri\u00f3 otro al chocar con una patrullera de la Guardia Civil en Algeciras"},"content":{"rendered":"<p class=\"L6-news-detail__text\">La Guardia Civil ha detenido a dos de los ocupantes de la narcolancha en la que <b>perdi\u00f3 la vida un tercero <\/b>tras chocar en la madrugada de este s\u00e1bado con una embarcaci\u00f3n de la Guardia Civil en aguas del Estrecho, en Algeciras (C\u00e1diz). Los dos detenidos resultaron heridos en la colisi\u00f3n, <b>uno de ellos en estado de gravedad<\/b>, seg\u00fan ha confirmado fuentes del Instituto Armado a Europa Press.<\/p>\n<p class=\"L6-news-detail__text\">Adem\u00e1s, la Benem\u00e9rita ha indicado que la narcolancha interceptada es una embarcaci\u00f3n cuatrimotora que <b>transportaba m\u00e1s de 3.800 kilogramos de hach\u00eds<\/b>, que han sido intervenidos por los agentes durante una operaci\u00f3n contra el narcotr\u00e1fico.<\/p>\n<p class=\"L6-news-detail__text\">Por su parte, Jucil, la asociaci\u00f3n mayoritaria de la Guardia Civil, ha lamentado en su perfil de X, \u00abel fallecimiento ocurrido en Algeciras durante una operaci\u00f3n contra el narcotr\u00e1fico\u00bb. \u00ab<b>La labor de la Guardia Civil se desarrolla en condiciones de alto riesgo<\/b>. Nuestro reconocimiento y apoyo a quienes la ejercen con entrega y profesionalidad\u00bb, ha manifestado la asociaci\u00f3n.<\/p>\n<p class=\"L6-news-detail__text\">Por el momento, la Guardia Civil mantiene abierta una investigaci\u00f3n sobre este caso.<\/p>\n<p class=\"L6-support-news-video__title\">Algunos han tenido que marcharse<\/p>\n<p>            <a href=\"https:\/\/www.lasexta.com\/noticias\/sociedad\/silla-ruedas-esclerosis-multiple-ascensor-suplicio-vecinos-bloque-casi-ano-despues-dana_2025092168cff64b1b05386b62aabe77.html\" class=\"L6-news__link\" rel=\"nofollow noopener\" target=\"_blank\"><br \/>\n                En silla de ruedas o con esclerosis m\u00faltiple y sin ascensor: el suplicio de vecinos de un bloque casi un a\u00f1o despu\u00e9s de la DANA<\/p>\n<p class=\"recirculation-video-desc\">Los detalles Noelia cuenta a laSexta que su marido \u00abno puede salir de casa\u00bb, ya que no puede bajar y subir escaleras, mientras que para Pepe en un desaf\u00edo hacerlo cada d\u00eda por su problema de salud.<\/p>\n<p>            <\/a><\/p>\n","protected":false},"excerpt":{"rendered":"La Guardia Civil ha detenido a dos de los ocupantes de la narcolancha en la que perdi\u00f3 la&hellip;\n","protected":false},"author":2,"featured_media":129632,"comment_status":"","ping_status":"","sticky":false,"template":"","format":"standard","meta":{"footnotes":""},"categories":[8],"tags":[17,18,25,24,13,14,11,19,20,9,10,15,16,23,12,21,22],"class_list":{"0":"post-129631","1":"post","2":"type-post","3":"status-publish","4":"format-standard","5":"has-post-thumbnail","7":"category-espana","8":"tag-breaking-news","9":"tag-breakingnews","10":"tag-es","11":"tag-espana","12":"tag-featured-news","13":"tag-featurednews","14":"tag-headlines","15":"tag-latest-news","16":"tag-latestnews","17":"tag-news","18":"tag-noticias","19":"tag-noticias-destacadas","20":"tag-noticiasdestacadas","21":"tag-spain","22":"tag-titulares","23":"tag-ultimas-noticias","24":"tag-ultimasnoticias"},"share_on_mastodon":{"url":"","error":""},"_links":{"self":[{"href":"https:\/\/www.europesays.com\/es\/wp-json\/wp\/v2\/posts\/129631","targetHints":{"allow":["GET"]}}],"collection":[{"href":"https:\/\/www.europesays.com\/es\/wp-json\/wp\/v2\/posts"}],"about":[{"href":"https:\/\/www.europesays.com\/es\/wp-json\/wp\/v2\/types\/post"}],"author":[{"embeddable":true,"href":"https:\/\/www.europesays.com\/es\/wp-json\/wp\/v2\/users\/2"}],"replies":[{"embeddable":true,"href":"https:\/\/www.europesays.com\/es\/wp-json\/wp\/v2\/comments?post=129631"}],"version-history":[{"count":0,"href":"https:\/\/www.europesays.com\/es\/wp-json\/wp\/v2\/posts\/129631\/revisions"}],"wp:featuredmedia":[{"embeddable":true,"href":"https:\/\/www.europesays.com\/es\/wp-json\/wp\/v2\/media\/129632"}],"wp:attachment":[{"href":"https:\/\/www.europesays.com\/es\/wp-json\/wp\/v2\/media?parent=129631"}],"wp:term":[{"taxonomy":"category","embeddable":true,"href":"https:\/\/www.europesays.com\/es\/wp-json\/wp\/v2\/categories?post=129631"},{"taxonomy":"post_tag","embeddable":true,"href":"https:\/\/www.europesays.com\/es\/wp-json\/wp\/v2\/tags?post=129631"}],"curies":[{"name":"wp","href":"https:\/\/api.w.org\/{rel}","templated":true}]}}