{"id":129639,"date":"2025-09-21T13:37:12","date_gmt":"2025-09-21T13:37:12","guid":{"rendered":"https:\/\/www.europesays.com\/es\/129639\/"},"modified":"2025-09-21T13:37:12","modified_gmt":"2025-09-21T13:37:12","slug":"un-recorrido-por-aviles-en-familia-y-a-pedal","status":"publish","type":"post","link":"https:\/\/www.europesays.com\/es\/129639\/","title":{"rendered":"Un recorrido por Avil\u00e9s en familia y a pedal"},"content":{"rendered":"<p class=\"ft-text ft-helper-closenews\">V\u00edctor Laiz y Cristina Prieto van en t\u00e1ndem. Y con ellos decenas de familias y apasionados de la bicicleta que sumaron cuatrocientos participantes que pedalearon por buena parte del concejo avilesino con salida en El Corte Ingl\u00e9s. La de ayer fue la \u00faltima actividad de la Semana de la movilidad y entre los ciclistas, uno de los grandes en el mundo del pedal, Chechu Rubiera, que anim\u00f3 a subirse a la bicicleta en una ciudad a la que le tiene cari\u00f1o, en cierto modo, porque all\u00e1 por los noventa milit\u00f3 en el club Alvar\u00edn-Rigen.<\/p>\n<p class=\"ft-text\">\u00abHoy venimos tres generaciones\u00bb, afirma Fernando D\u00edaz Ra\u00f1\u00f3n, que volvi\u00f3 a enfundarse un maillot despu\u00e9s de dieciocho meses y lo hizo en compa\u00f1\u00eda de su hijo H\u00e9ctor y su nieto Oliver, de 4 a\u00f1os. Tambi\u00e9n pedalearon en familia Alejandro Gonz\u00e1lez y su hija Marina, de 3 a\u00f1os. \u00abEs un d\u00eda muy guapo para disfrutar de la bici, la pena que no haya m\u00e1s carril bici para andar m\u00e1s seguros por la ciudad\u00bb, se\u00f1ala Jos\u00e9 Luis P\u00e9rez, que fue solo al \u00abD\u00eda de la bicicleta\u00bb pero \u00abacompa\u00f1ado de muchos amantes del pedal\u00bb.<\/p>\n<p class=\"ft-text\">La \u00abserpiente multicolor\u00bb pedale\u00f3 por Heros, La Plata, el casco hist\u00f3rico, Rivero, Santa Apolonia, Llaranes, entre otros puntos de la ciudad, y regres\u00f3 de nuevo al centro para concluir en La Exposici\u00f3n. En total, unos 12 kil\u00f3metros.<\/p>\n<p class=\"ft-text\">Y ah\u00ed estaban Eloy Ferrer y su hijo Enol, de nueve a\u00f1os, que estaban contentos por andar en bici, tambi\u00e9n disfrutaban Asun Gonz\u00e1lez y Yolanda \u00c1lvarez antes de la salida. \u00abEs un buen d\u00eda para reivindicar la bici no solo como deporte sino tambi\u00e9n como medio de transporte\u00bb, concluy\u00f3 Manuel Mart\u00ednez, que ayer estren\u00f3 maillot.<\/p>\n<p data-close=\"closedContent\" class=\"subscribeHideForDisplay\">Suscr\u00edbete para seguir leyendo<\/p>\n","protected":false},"excerpt":{"rendered":"V\u00edctor Laiz y Cristina Prieto van en t\u00e1ndem. Y con ellos decenas de familias y apasionados de la&hellip;\n","protected":false},"author":2,"featured_media":129640,"comment_status":"","ping_status":"","sticky":false,"template":"","format":"standard","meta":{"footnotes":""},"categories":[273],"tags":[13849,313,312,168,13043,25,24,367,8137,41690,1786,23,167],"class_list":{"0":"post-129639","1":"post","2":"type-post","3":"status-publish","4":"format-standard","5":"has-post-thumbnail","7":"category-ciclismo","8":"tag-aviles","9":"tag-ciclismo","10":"tag-cycling","11":"tag-deportes","12":"tag-el-corte-ingles","13":"tag-es","14":"tag-espana","15":"tag-familia","16":"tag-movilidad","17":"tag-pedal","18":"tag-recorrido","19":"tag-spain","20":"tag-sports"},"share_on_mastodon":{"url":"","error":""},"_links":{"self":[{"href":"https:\/\/www.europesays.com\/es\/wp-json\/wp\/v2\/posts\/129639","targetHints":{"allow":["GET"]}}],"collection":[{"href":"https:\/\/www.europesays.com\/es\/wp-json\/wp\/v2\/posts"}],"about":[{"href":"https:\/\/www.europesays.com\/es\/wp-json\/wp\/v2\/types\/post"}],"author":[{"embeddable":true,"href":"https:\/\/www.europesays.com\/es\/wp-json\/wp\/v2\/users\/2"}],"replies":[{"embeddable":true,"href":"https:\/\/www.europesays.com\/es\/wp-json\/wp\/v2\/comments?post=129639"}],"version-history":[{"count":0,"href":"https:\/\/www.europesays.com\/es\/wp-json\/wp\/v2\/posts\/129639\/revisions"}],"wp:featuredmedia":[{"embeddable":true,"href":"https:\/\/www.europesays.com\/es\/wp-json\/wp\/v2\/media\/129640"}],"wp:attachment":[{"href":"https:\/\/www.europesays.com\/es\/wp-json\/wp\/v2\/media?parent=129639"}],"wp:term":[{"taxonomy":"category","embeddable":true,"href":"https:\/\/www.europesays.com\/es\/wp-json\/wp\/v2\/categories?post=129639"},{"taxonomy":"post_tag","embeddable":true,"href":"https:\/\/www.europesays.com\/es\/wp-json\/wp\/v2\/tags?post=129639"}],"curies":[{"name":"wp","href":"https:\/\/api.w.org\/{rel}","templated":true}]}}