{"id":129655,"date":"2025-09-21T13:46:13","date_gmt":"2025-09-21T13:46:13","guid":{"rendered":"https:\/\/www.europesays.com\/es\/129655\/"},"modified":"2025-09-21T13:46:13","modified_gmt":"2025-09-21T13:46:13","slug":"fuego-y-ceniza-la-esperada-pelicula-james-cameron-sorprende-con-una-nueva-imagen-aerea-llena-de-accion-belica-y-fuego-de-verdad","status":"publish","type":"post","link":"https:\/\/www.europesays.com\/es\/129655\/","title":{"rendered":"Fuego y ceniza, la esperada pel\u00edcula James Cameron, sorprende con una nueva imagen a\u00e9rea llena de acci\u00f3n b\u00e9lica y fuego de verdad"},"content":{"rendered":"<p>Desvelada una nueva imagen de Avatar: Fuego y ceniza que evidencia la espectacularidad de las escenas a\u00e9reas de combate. \u00bfQu\u00e9 clan saldr\u00e1 vencedor?<\/p>\n<p>El universo de <a href=\"https:\/\/www.hobbyconsolas.com\/noticias\/avatar-sentido-agua-presenta-nuevo-poster-celebrar-reestreno-cines-version-3d-1484573\" title=\"Avatar: El sentido del agua presenta nuevo p\u00f3ster para celebrar su reestreno en cines con su versi\u00f3n 3D\" rel=\"nofollow noopener\" target=\"_blank\"><strong>Avatar<\/strong><\/a>, la famosa saga de <a href=\"https:\/\/www.hobbyconsolas.com\/noticias\/james-cameron-quiere-escribir-guion-nueva-terminator-pero-siente-superado-realidad-1483807\" title=\"James Cameron quiere continuar Terminator, pero se siente &quot;superado por la realidad&quot; al escribir el guion\" rel=\"nofollow noopener\" target=\"_blank\"><strong>James Cameron<\/strong><\/a>, sigue su curso contra viento y marea, o mejor dicho, contra fuego y ceniza. Y es que la tercera entrega de la franquicia ya calienta motores para su gran estreno, el cual tendr\u00e1 lugar el pr\u00f3ximo 19 de diciembre en las grandes salas de nuestro pa\u00eds.\u00a0<\/p>\n<p>\u00a1Menudas navidades nos esperan! El cineasta promete poner toda la carne en el asador, eso seguro, as\u00ed que<a href=\"https:\/\/www.hobbyconsolas.com\/noticias\/avatar-fuego-ceniza-revela-primer-trailer-james-cameron-presume-maestria-tecnica-regreso-pandora-1474494\" title=\"Avatar: Fuego y ceniza revela su primer tr\u00e1iler y James Cameron presume de maestr\u00eda t\u00e9cnica en el regreso a Pandora\" rel=\"nofollow noopener\" target=\"_blank\"><strong> Avatar: Fuego y ceniza<\/strong><\/a> se postula como una de las grandes pel\u00edculas que ha estrenado hasta la fecha. \u00bfPero realmente podr\u00e1 superar las entregas anteriores? \u00bfC\u00f3mo podr\u00e1 mantener viva la llama del factor sorpresa?\u00a0<\/p>\n<p><img alt=\"Date de alta en Disney+ desde 5,99\u20ac\" loading=\"lazy\" width=\"127\" height=\"72\" decoding=\"async\" data-nimg=\"1\" style=\"color:transparent\"  src=\"https:\/\/www.europesays.com\/es\/wp-content\/uploads\/2025\/09\/cardimage1726133014977-4155467.jpg\"\/>Date de alta en Disney+ desde 5,99\u20ac<\/p>\n<p>Disney mantiene un gran cat\u00e1logo de pel\u00edculas y series en exclusiva. Adem\u00e1s de los cl\u00e1sicos, tambi\u00e9n tiene grandes estrenos.<\/p>\n<p><a class=\"product-button\" href=\"http:\/\/disneyplus.bn5x.net\/c\/2096496\/772703\/9358?sharedid=hobbyconsolas\" title=\"Date de alta en Disney+ desde 5,99\u20ac\" data-gacat=\"Tarjetas\" data-gaact=\"impresion-tarjeta\" target=\"_blank\" rel=\"noreferrer nofollow noopener\">Darse de alta<\/a><\/p>\n<p>El director ya ha comentado que estaremos ante una de las cintas con mayor maestr\u00eda t\u00e9cnica, y si tenemos en cuenta lo que nos ha ido ofreciendo Cameron a lo largo de estos a\u00f1os, nada nos invita a dudar de \u00e9l. Pero antes de continuar, \u00bfcu\u00e1l es la trama de esta nueva incursi\u00f3n de los <strong>Na&#8217;vi<\/strong>?<\/p>\n<p>En Avatar: Fuego y ceniza se introduce al Pueblo de las Cenizas, un nuevo clan Na&#8217;vi con una visi\u00f3n m\u00e1s agresiva que el resto de pueblos del mundo. A diferencia de los clanes vistos anteriormente, estos Na&#8217;vi no dudan en recurrir a la violencia para conseguir sus fines, incluso si eso significa enfrentarse a otros clanes.<\/p>\n<p>No pinta nada mal, \u00bfverdad? Justo encima de estas l\u00edneas tambi\u00e9n puedes echar un vistazo al tr\u00e1iler oficial. \u00a1Parece que estaremos ante una de las entregas m\u00e1s violentas de toda la saga, poniendo en peligro el equilibrio de <strong>Pandora<\/strong>! Si te has quedado con ganas de m\u00e1s, hoy te traemos otra gran sorpresa&#8230; \u00a1Una nueva imagen in\u00e9dita de la pel\u00edcula, la que puedes ver m\u00e1s abajo!<\/p>\n<p>Tal y como se ha confirmado, se trata de un abordaje a\u00e9reo harto impresionante protagonizado por el clan <strong>Mangkwan<\/strong>, esto es, el pueblo de la ceniza. La producci\u00f3n de esta escena fue una proeza, y <strong>Garrett Warren<\/strong>, el director de la segunda unidad, ha desvelado que se lleg\u00f3 a utilizar fuego real para que los espectadores sientan realmente el calor de la acci\u00f3n:\u00a0<\/p>\n<p>Por otro lado, ha confirmado que esta batalla ser\u00e1 espectacular, pues bebe de los combates a\u00e9reos y de las afrentas piratas, sum\u00e1ndose la participaci\u00f3n de los <strong>ikran<\/strong>, las criaturas voladoras que funcionar\u00e1n como aut\u00e9nticos jets b\u00e9licos. \u00a1Menuda pinta!<\/p>\n<p>\u00bfC\u00f3mo te has quedado con esta nueva imagen y las declaraciones de Warren? \u00bfLe tienes m\u00e1s ganas que nunca a Avatar: Fuego y ceniza tras conocer todos estos detalles?<\/p>\n<p>Conoce <a href=\"https:\/\/www.hobbyconsolas.com\/como-trabajamos\" title=\"&quot;C\u00f3mo trabajamos en HobbyConsolas&quot;\" target=\"_blank\" rel=\"nofollow noopener\">c\u00f3mo trabajamos<\/a> en HobbyConsolas.<\/p>\n","protected":false},"excerpt":{"rendered":"Desvelada una nueva imagen de Avatar: Fuego y ceniza que evidencia la espectacularidad de las escenas a\u00e9reas de&hellip;\n","protected":false},"author":2,"featured_media":129656,"comment_status":"","ping_status":"","sticky":false,"template":"","format":"standard","meta":{"footnotes":""},"categories":[169],"tags":[177,146,147,25,24,176,175,23],"class_list":{"0":"post-129655","1":"post","2":"type-post","3":"status-publish","4":"format-standard","5":"has-post-thumbnail","7":"category-cine","8":"tag-cine","9":"tag-entertainment","10":"tag-entretenimiento","11":"tag-es","12":"tag-espana","13":"tag-film","14":"tag-movies","15":"tag-spain"},"share_on_mastodon":{"url":"","error":""},"_links":{"self":[{"href":"https:\/\/www.europesays.com\/es\/wp-json\/wp\/v2\/posts\/129655","targetHints":{"allow":["GET"]}}],"collection":[{"href":"https:\/\/www.europesays.com\/es\/wp-json\/wp\/v2\/posts"}],"about":[{"href":"https:\/\/www.europesays.com\/es\/wp-json\/wp\/v2\/types\/post"}],"author":[{"embeddable":true,"href":"https:\/\/www.europesays.com\/es\/wp-json\/wp\/v2\/users\/2"}],"replies":[{"embeddable":true,"href":"https:\/\/www.europesays.com\/es\/wp-json\/wp\/v2\/comments?post=129655"}],"version-history":[{"count":0,"href":"https:\/\/www.europesays.com\/es\/wp-json\/wp\/v2\/posts\/129655\/revisions"}],"wp:featuredmedia":[{"embeddable":true,"href":"https:\/\/www.europesays.com\/es\/wp-json\/wp\/v2\/media\/129656"}],"wp:attachment":[{"href":"https:\/\/www.europesays.com\/es\/wp-json\/wp\/v2\/media?parent=129655"}],"wp:term":[{"taxonomy":"category","embeddable":true,"href":"https:\/\/www.europesays.com\/es\/wp-json\/wp\/v2\/categories?post=129655"},{"taxonomy":"post_tag","embeddable":true,"href":"https:\/\/www.europesays.com\/es\/wp-json\/wp\/v2\/tags?post=129655"}],"curies":[{"name":"wp","href":"https:\/\/api.w.org\/{rel}","templated":true}]}}