{"id":129670,"date":"2025-09-21T13:54:27","date_gmt":"2025-09-21T13:54:27","guid":{"rendered":"https:\/\/www.europesays.com\/es\/129670\/"},"modified":"2025-09-21T13:54:27","modified_gmt":"2025-09-21T13:54:27","slug":"sofia-val-y-asaf-kazimov-obtienen-una-cuota-para-espana-en-los-juegos-olimpicos-de-invierno-milano-cortina-2026","status":"publish","type":"post","link":"https:\/\/www.europesays.com\/es\/129670\/","title":{"rendered":"Sof\u00eda Val y Asaf Kazimov obtienen una cuota para Espa\u00f1a en los Juegos Ol\u00edmpicos de Invierno Milano Cortina 2026"},"content":{"rendered":"<p>\u00abA pesar de la tensi\u00f3n, he disfrutado patinando\u00bb<\/p>\n<p>En una competici\u00f3n donde hab\u00eda tanto en juego, las \u00faltimas plazas ol\u00edmpicas para Milano Cortina 2026, y donde las diferencias se mov\u00edan en menos de un punto, cualquier peque\u00f1o fallo pod\u00eda pagarse muy caro y alimentaba el clima de tensi\u00f3n.<\/p>\n<p>\u00abLo hemos luchado hasta el final. Hemos tenido un error en la segunda elevaci\u00f3n, no la hemos hecho tan bien como solemos hacerla, as\u00ed que hemos estado incluso m\u00e1s nerviosos viendo a nuestros rivales\u00bb, confiesa Kazimov a Olympics.com. \u00abLo hemos dado todo, hemos intentado mantener los nervios&#8230;\u00bb.<\/p>\n<p>\u00abHoy he disfrutado patinando. Hemos tenido un peque\u00f1o fall\u00f3 en la elevaci\u00f3n, pero puedo decir que he disfrutado patinando\u00bb, a\u00f1ade Sof\u00eda Val. \u00abIncluso con toda la tensi\u00f3n, he conseguido sentir todo el programa\u00bb.<\/p>\n<p>Las claves para manejarse en esta situaci\u00f3n, comentan, son \u00abla comunicaci\u00f3n y la confianza\u00bb.<\/p>\n<p>\u00abUna gran parte es comunicarse y apoyarnos el uno al otro. Sof\u00eda me apoya much\u00edsimo y yo trato de hacerlo tambi\u00e9n con ella. Intentamos mantener la calma y superarlo juntos\u00bb, explica Kazimov.<\/p>\n<p>\u00abHemos trabajado mucho y confi\u00e1bamos en dar lo mejor de nosotros. Y despu\u00e9s, ya pod\u00edamos aceptar lo que pasara\u00bb, a\u00f1ade Val.<\/p>\n<p>El pr\u00f3ximo paso ser\u00e1 ser una de las dos parejas seleccionadas por Espa\u00f1a para Milano Cortina 2026.<\/p>\n<p>\u00abTenemos mucho que desarrollar. Tenemos algunas ideas sobre c\u00f3mo podemos cambiar algunas cosas en el programa libre, y por supuesto a\u00f1adir m\u00e1s car\u00e1cter, m\u00e1s precisi\u00f3n en la parte t\u00e9cnica de la danza r\u00edtmica\u00bb, explica Kazimov.<\/p>\n<p>Meses de m\u00e1s trabajo. Sin la tensi\u00f3n de pelear por una cuota, y con la ilusi\u00f3n de sus primeros Juegos Ol\u00edmpicos de Invierno.<\/p>\n","protected":false},"excerpt":{"rendered":"\u00abA pesar de la tensi\u00f3n, he disfrutado patinando\u00bb En una competici\u00f3n donde hab\u00eda tanto en juego, las \u00faltimas&hellip;\n","protected":false},"author":2,"featured_media":129671,"comment_status":"","ping_status":"","sticky":false,"template":"","format":"standard","meta":{"footnotes":""},"categories":[5],"tags":[17,18,25,24,13,14,11,19,20,9,10,15,16,23,12,21,22],"class_list":{"0":"post-129670","1":"post","2":"type-post","3":"status-publish","4":"format-standard","5":"has-post-thumbnail","7":"category-titulares","8":"tag-breaking-news","9":"tag-breakingnews","10":"tag-es","11":"tag-espana","12":"tag-featured-news","13":"tag-featurednews","14":"tag-headlines","15":"tag-latest-news","16":"tag-latestnews","17":"tag-news","18":"tag-noticias","19":"tag-noticias-destacadas","20":"tag-noticiasdestacadas","21":"tag-spain","22":"tag-titulares","23":"tag-ultimas-noticias","24":"tag-ultimasnoticias"},"share_on_mastodon":{"url":"","error":""},"_links":{"self":[{"href":"https:\/\/www.europesays.com\/es\/wp-json\/wp\/v2\/posts\/129670","targetHints":{"allow":["GET"]}}],"collection":[{"href":"https:\/\/www.europesays.com\/es\/wp-json\/wp\/v2\/posts"}],"about":[{"href":"https:\/\/www.europesays.com\/es\/wp-json\/wp\/v2\/types\/post"}],"author":[{"embeddable":true,"href":"https:\/\/www.europesays.com\/es\/wp-json\/wp\/v2\/users\/2"}],"replies":[{"embeddable":true,"href":"https:\/\/www.europesays.com\/es\/wp-json\/wp\/v2\/comments?post=129670"}],"version-history":[{"count":0,"href":"https:\/\/www.europesays.com\/es\/wp-json\/wp\/v2\/posts\/129670\/revisions"}],"wp:featuredmedia":[{"embeddable":true,"href":"https:\/\/www.europesays.com\/es\/wp-json\/wp\/v2\/media\/129671"}],"wp:attachment":[{"href":"https:\/\/www.europesays.com\/es\/wp-json\/wp\/v2\/media?parent=129670"}],"wp:term":[{"taxonomy":"category","embeddable":true,"href":"https:\/\/www.europesays.com\/es\/wp-json\/wp\/v2\/categories?post=129670"},{"taxonomy":"post_tag","embeddable":true,"href":"https:\/\/www.europesays.com\/es\/wp-json\/wp\/v2\/tags?post=129670"}],"curies":[{"name":"wp","href":"https:\/\/api.w.org\/{rel}","templated":true}]}}