{"id":129810,"date":"2025-09-21T15:24:11","date_gmt":"2025-09-21T15:24:11","guid":{"rendered":"https:\/\/www.europesays.com\/es\/129810\/"},"modified":"2025-09-21T15:24:11","modified_gmt":"2025-09-21T15:24:11","slug":"funeral-de-charlie-kirk-en-vivo-trump-hablara-ante-decenas-de-miles-en-arizona","status":"publish","type":"post","link":"https:\/\/www.europesays.com\/es\/129810\/","title":{"rendered":"Funeral de Charlie Kirk, en vivo: Trump hablar\u00e1 ante decenas de miles en Arizona"},"content":{"rendered":"<p class=\"paragraph inline-placeholder vossi-paragraph\" data-uri=\"es.cms.cnn.com\/_components\/paragraph\/instances\/cmftqsoi7002p356n60ftw2pe@published\" data-editable=\"text\" data-component-name=\"paragraph\" data-article-gutter=\"true\">\n            Como hemos informado esta ma\u00f1ana, se espera que el presidente de EE.UU., Donald Trump, altos funcionarios de su Gobierno y del Partido Republicano, as\u00ed como influyentes figuras pol\u00edticas, se re\u00fanan hoy en Arizona para honrar a Charlie Kirk.\n    <\/p>\n<p class=\"paragraph inline-placeholder vossi-paragraph\" data-uri=\"es.cms.cnn.com\/_components\/paragraph\/instances\/cmftqxxcm0030356ny32xttg9@published\" data-editable=\"text\" data-component-name=\"paragraph\" data-article-gutter=\"true\">\n            Pero el servicio conmemorativo, que se lleva a cabo en el enorme State Farm Stadium, de Glendale, a las afueras de Phoenix, supondr\u00e1 una enorme prueba para las fuerzas de seguridad, en particular para el Servicio Secreto, una agencia que ya opera bajo gran presi\u00f3n y desgaste.\n    <\/p>\n<p class=\"paragraph inline-placeholder vossi-paragraph\" data-uri=\"es.cms.cnn.com\/_components\/paragraph\/instances\/cmftqxxcm0031356n0rwmy6hp@published\" data-editable=\"text\" data-component-name=\"paragraph\" data-article-gutter=\"true\">\n            Y la raz\u00f3n de la reuni\u00f3n \u2014una bala mortal destinada a silenciar a una figura pol\u00edtica\u2014 solo subraya los riesgos.\n    <\/p>\n<p class=\"paragraph inline-placeholder vossi-paragraph\" data-uri=\"es.cms.cnn.com\/_components\/paragraph\/instances\/cmftqxxcm0032356nfmlfu9a3@published\" data-editable=\"text\" data-component-name=\"paragraph\" data-article-gutter=\"true\">\n            \u201cNuestros equipos ya est\u00e1n en Phoenix y Glendale, trabajando junto con socios estatales, locales y federales. Juntos estamos plenamente comprometidos en garantizar que estos solemnes eventos reciban la protecci\u00f3n y el apoyo integrales que requieren\u201d, dijo en un comunicado William Mack, agente especial a cargo de la oficina de campo de Phoenix.\n    <\/p>\n<p class=\"paragraph inline-placeholder vossi-paragraph\" data-uri=\"es.cms.cnn.com\/_components\/paragraph\/instances\/cmftqxxcm0033356n4xcuzgsa@published\" data-editable=\"text\" data-component-name=\"paragraph\" data-article-gutter=\"true\">\n            El servicio f\u00fanebre recibi\u00f3 una clasificaci\u00f3n de evento especial de Nivel 1, la m\u00e1s alta, seg\u00fan un alto funcionario del Departamento de Seguridad Nacional. La designaci\u00f3n SEAR-1, que anteriormente se hab\u00eda otorgado a eventos como el Super Bowl y el Derby de Kentucky, permite movilizar recursos en todo el Gobierno federal para coordinar la seguridad.\n    <\/p>\n<p class=\"paragraph inline-placeholder vossi-paragraph\" data-uri=\"es.cms.cnn.com\/_components\/paragraph\/instances\/cmftqxxcm0034356n01qi1kkj@published\" data-editable=\"text\" data-component-name=\"paragraph\" data-article-gutter=\"true\">\n            \u201cEsta designaci\u00f3n est\u00e1 reservada para eventos de la m\u00e1xima importancia nacional y habilita al Gobierno federal para proporcionar toda la gama de recursos de seguridad y de aplicaci\u00f3n de la ley necesarios para apoyar a las autoridades locales en la garant\u00eda de un evento seguro y exitoso\u201d, dijo el funcionario.\n    <\/p>\n","protected":false},"excerpt":{"rendered":"Como hemos informado esta ma\u00f1ana, se espera que el presidente de EE.UU., Donald Trump, altos funcionarios de su&hellip;\n","protected":false},"author":2,"featured_media":129811,"comment_status":"","ping_status":"","sticky":false,"template":"","format":"standard","meta":{"footnotes":""},"categories":[42],"tags":[17,18,37536,352,13,14,41715,11,61,62,63,64,19,20,9,10,15,16,12,21,22,65,66,67],"class_list":{"0":"post-129810","1":"post","2":"type-post","3":"status-publish","4":"format-standard","5":"has-post-thumbnail","7":"category-internacional","8":"tag-breaking-news","9":"tag-breakingnews","10":"tag-charlie-kirk","11":"tag-donald-trump","12":"tag-featured-news","13":"tag-featurednews","14":"tag-funeral-charlie-kirk","15":"tag-headlines","16":"tag-internacional","17":"tag-international","18":"tag-international-news","19":"tag-internationalnews","20":"tag-latest-news","21":"tag-latestnews","22":"tag-news","23":"tag-noticias","24":"tag-noticias-destacadas","25":"tag-noticiasdestacadas","26":"tag-titulares","27":"tag-ultimas-noticias","28":"tag-ultimasnoticias","29":"tag-world","30":"tag-world-news","31":"tag-worldnews"},"share_on_mastodon":{"url":"","error":""},"_links":{"self":[{"href":"https:\/\/www.europesays.com\/es\/wp-json\/wp\/v2\/posts\/129810","targetHints":{"allow":["GET"]}}],"collection":[{"href":"https:\/\/www.europesays.com\/es\/wp-json\/wp\/v2\/posts"}],"about":[{"href":"https:\/\/www.europesays.com\/es\/wp-json\/wp\/v2\/types\/post"}],"author":[{"embeddable":true,"href":"https:\/\/www.europesays.com\/es\/wp-json\/wp\/v2\/users\/2"}],"replies":[{"embeddable":true,"href":"https:\/\/www.europesays.com\/es\/wp-json\/wp\/v2\/comments?post=129810"}],"version-history":[{"count":0,"href":"https:\/\/www.europesays.com\/es\/wp-json\/wp\/v2\/posts\/129810\/revisions"}],"wp:featuredmedia":[{"embeddable":true,"href":"https:\/\/www.europesays.com\/es\/wp-json\/wp\/v2\/media\/129811"}],"wp:attachment":[{"href":"https:\/\/www.europesays.com\/es\/wp-json\/wp\/v2\/media?parent=129810"}],"wp:term":[{"taxonomy":"category","embeddable":true,"href":"https:\/\/www.europesays.com\/es\/wp-json\/wp\/v2\/categories?post=129810"},{"taxonomy":"post_tag","embeddable":true,"href":"https:\/\/www.europesays.com\/es\/wp-json\/wp\/v2\/tags?post=129810"}],"curies":[{"name":"wp","href":"https:\/\/api.w.org\/{rel}","templated":true}]}}