{"id":129812,"date":"2025-09-21T15:25:12","date_gmt":"2025-09-21T15:25:12","guid":{"rendered":"https:\/\/www.europesays.com\/es\/129812\/"},"modified":"2025-09-21T15:25:12","modified_gmt":"2025-09-21T15:25:12","slug":"ayuso-acusa-al-gobierno-de-ser-poco-feminista-por-el-fallo-de-las-pulseras-antimaltrato","status":"publish","type":"post","link":"https:\/\/www.europesays.com\/es\/129812\/","title":{"rendered":"Ayuso acusa al Gobierno de ser \u00abpoco feminista\u00bb por el fallo de las pulseras antimaltrato"},"content":{"rendered":"<p>La presidenta de la Comunidad de Madrid tambi\u00e9n afea al Ejecutivo nacional su \u00abmala gesti\u00f3n\u00bb y \u00abpoca transparencia\u00bb<\/p>\n<p><img fetchpriority=\"high\" class=\"voc-img\" src=\"https:\/\/www.europesays.com\/es\/wp-content\/uploads\/2025\/09\/1500915893-RSE39BHBa8gJrJp0j3O7fQN-1200x840@diario_abc.JPG\" loading=\"eager\" decoding=\"async\" alt=\"La presidenta de la Comunidad de Madrid, Isabel D\u00edaz Ayuso\" width=\"1200\" height=\"840\"\/><\/p>\n<p>La presidenta de la Comunidad de Madrid, Isabel D\u00edaz Ayuso    EP  <\/p>\n<p class=\"voc-p\" style=\"\">La presidenta de la Comunidad de Madrid,<strong> Isabel D\u00edaz Ayuso<\/strong>, ha cargado contra la \u00abmala gesti\u00f3n\u00bb y \u00abmuy poco feminismo\u00bb del Gobierno de Espa\u00f1a tras los<a href=\"https:\/\/www.abc.es\/sociedad\/victima-fiasco-pulseras-aliexpress-hicieron-sentir-loca-20250920204008-nt.html\" target=\"_self\" data-voc-vtm-id=\"in-text-traffic\" title=\" fallos en las pulseras antimaltrato\" data-mrf-link=\"www.abc.es\" rel=\"nofollow noopener\"> fallos en las pulseras antimaltrato<\/a> y ha pedido investigar \u00abhasta el final\u00bb para saber lo que ha sucedido.<\/p>\n<p class=\"voc-p\" style=\"\">Lo ha expresado este domingo en la carrera popular &#8216;Madrid corre por Madrid 2025&#8217; despu\u00e9s de que la Fiscal\u00eda General del Estado (FGE) alertara en su Memoria de 2024 de absoluciones de acusados por \u00abm\u00faltiples fallos\u00bb detectados en estos dispositivos telem\u00e1ticos.<\/p>\n<p class=\"voc-p\" style=\"\">D\u00edaz Ayuso ha remarcado que lo que se ha conocido hasta ahora \u00abhiela la sangre\u00bb porque se trata de un relato \u00ablleno de vac\u00edos, huecos y mentiras\u00bb y ha censurado que \u00abse ha dejado desprotegida a muchas mujeres\u00bb.<\/p>\n<p class=\"voc-p\" style=\"\">\u00abDespu\u00e9s de la Ley del &#8216;S\u00ed es s\u00ed&#8217;, ahora viene que <a href=\"https:\/\/www.abc.es\/sociedad\/dadsadad-20250918194821-nt.html\" target=\"_self\" data-voc-vtm-id=\"in-text-traffic\" title=\"no han tenido una protecci\u00f3n por parte del Gobierno\" data-mrf-link=\"www.abc.es\" rel=\"nofollow noopener\">no han tenido una protecci\u00f3n por parte del Gobierno<\/a> y esto evidentemente demuestra una mala gesti\u00f3n, muy poco feminismo y desde luego muy poco tacto y transparencia\u00ab, ha criticado.<\/p>\n<p class=\"voc-p\" style=\"\">La dirigente madrile\u00f1a ha pedido que se investigue \u00abhasta el final\u00bb para saber \u00abexactamente\u00bb lo que ha ocurrido y \u00abc\u00f3mo ha podido suceder que tantas mujeres hayan estado en esa situaci\u00f3n\u00bb. Ha reclamado que \u00abse depuren responsabilidades\u00bb.<\/p>\n<p class=\"voc-p\" style=\"\">\u00abQue alguien tome cartas y que se depuren responsabilidades. Hac\u00eda tiempo que no ve\u00edamos cosas tan gordas. En la parte de la gesti\u00f3n vemos muchas, pero dejar a mujeres v\u00edctimas desprovistas&#8230; es tremendo\u00bb, ha concluido.<\/p>\n<p>Reportar un error<\/p>\n","protected":false},"excerpt":{"rendered":"La presidenta de la Comunidad de Madrid tambi\u00e9n afea al Ejecutivo nacional su \u00abmala gesti\u00f3n\u00bb y \u00abpoca transparencia\u00bb&hellip;\n","protected":false},"author":2,"featured_media":129813,"comment_status":"","ping_status":"","sticky":false,"template":"","format":"standard","meta":{"footnotes":""},"categories":[8],"tags":[6630,41716,6984,17,18,25,24,8639,13,14,30660,582,11,19,20,9,10,15,16,659,40977,23,12,21,22],"class_list":{"0":"post-129812","1":"post","2":"type-post","3":"status-publish","4":"format-standard","5":"has-post-thumbnail","7":"category-espana","8":"tag-acusa","9":"tag-antimaltrato","10":"tag-ayuso","11":"tag-breaking-news","12":"tag-breakingnews","13":"tag-es","14":"tag-espana","15":"tag-fallo","16":"tag-featured-news","17":"tag-featurednews","18":"tag-feminista","19":"tag-gobierno","20":"tag-headlines","21":"tag-latest-news","22":"tag-latestnews","23":"tag-news","24":"tag-noticias","25":"tag-noticias-destacadas","26":"tag-noticiasdestacadas","27":"tag-poco","28":"tag-pulseras","29":"tag-spain","30":"tag-titulares","31":"tag-ultimas-noticias","32":"tag-ultimasnoticias"},"share_on_mastodon":{"url":"","error":""},"_links":{"self":[{"href":"https:\/\/www.europesays.com\/es\/wp-json\/wp\/v2\/posts\/129812","targetHints":{"allow":["GET"]}}],"collection":[{"href":"https:\/\/www.europesays.com\/es\/wp-json\/wp\/v2\/posts"}],"about":[{"href":"https:\/\/www.europesays.com\/es\/wp-json\/wp\/v2\/types\/post"}],"author":[{"embeddable":true,"href":"https:\/\/www.europesays.com\/es\/wp-json\/wp\/v2\/users\/2"}],"replies":[{"embeddable":true,"href":"https:\/\/www.europesays.com\/es\/wp-json\/wp\/v2\/comments?post=129812"}],"version-history":[{"count":0,"href":"https:\/\/www.europesays.com\/es\/wp-json\/wp\/v2\/posts\/129812\/revisions"}],"wp:featuredmedia":[{"embeddable":true,"href":"https:\/\/www.europesays.com\/es\/wp-json\/wp\/v2\/media\/129813"}],"wp:attachment":[{"href":"https:\/\/www.europesays.com\/es\/wp-json\/wp\/v2\/media?parent=129812"}],"wp:term":[{"taxonomy":"category","embeddable":true,"href":"https:\/\/www.europesays.com\/es\/wp-json\/wp\/v2\/categories?post=129812"},{"taxonomy":"post_tag","embeddable":true,"href":"https:\/\/www.europesays.com\/es\/wp-json\/wp\/v2\/tags?post=129812"}],"curies":[{"name":"wp","href":"https:\/\/api.w.org\/{rel}","templated":true}]}}