{"id":129814,"date":"2025-09-21T15:26:23","date_gmt":"2025-09-21T15:26:23","guid":{"rendered":"https:\/\/www.europesays.com\/es\/129814\/"},"modified":"2025-09-21T15:26:23","modified_gmt":"2025-09-21T15:26:23","slug":"trump-advierte-de-que-sucederan-cosas-malas-si-afganistan-no-devuelve-la-base-de-bagram-a-eeuu","status":"publish","type":"post","link":"https:\/\/www.europesays.com\/es\/129814\/","title":{"rendered":"Trump advierte de que \u00absuceder\u00e1n cosas malas\u00bb si Afganist\u00e1n no devuelve la base de Bagram a EEUU"},"content":{"rendered":"<p>    MADRID 21 Sep. (EUROPA PRESS) &#8211; <\/p>\n<p>   El presidente estadounidense, Donald Trump, ha advertido este s\u00e1bado a las autoridades afganas de que tomar\u00e1 represalias contra el pa\u00eds si Kabul no devuelve la base a\u00e9rea de Bagram a Estados Unidos, su art\u00edfice.<\/p>\n<p>   \u00abSi Afganist\u00e1n no devuelve la base a\u00e9rea de Bagram a quienes la construyeron, Estados Unidos, \u00a1van as suceder cosas malas!\u00bb, ha instruido el inquilino de la Casa Blanca en una publicaci\u00f3n en su cuenta en la red Truth Social.<\/p>\n<p>   Este aviso llega apenas un par de d\u00edas despu\u00e9s de que el neoyorquino anunciase este jueves que su Gobierno est\u00e1 intentando recuperar el control de la mencionada base, s\u00edmbolo del despliegue internacional en Afganist\u00e1n y en desuso desde que los talib\u00e1n recuperaron el poder en agosto de 2021.<\/p>\n<p>   Trump considera que la base de Bagram, \u00abuna de las mayores del mundo\u00bb, fue cedida \u00aba cambio de nada\u00bb. \u00abVamos a intentar recuperarla. Eso podr\u00eda ser una peque\u00f1a exclusiva\u00bb, declar\u00f3 durante una rueda de prensa con motivo de su visita de Estado a Reino Unido en la que acto seguido sugiri\u00f3 un posible intercambio con los talib\u00e1n: \u00abNecesitan cosas de nosotros\u00bb, declar\u00f3.<\/p>\n<p>   La base de Bagram fue construida en realidad por la Uni\u00f3n Sovi\u00e9tica en la d\u00e9cada de los cincuenta del siglo pasado, pero Estados Unidos pas\u00f3 a controlarla y la reconstruy\u00f3 tras la ca\u00edda de los talib\u00e1n en 2001, hasta el punto de expandirla a lo largo de 77 kil\u00f3metros cuadrados.<\/p>\n","protected":false},"excerpt":{"rendered":"MADRID 21 Sep. (EUROPA PRESS) &#8211; El presidente estadounidense, Donald Trump, ha advertido este s\u00e1bado a las autoridades&hellip;\n","protected":false},"author":2,"featured_media":129815,"comment_status":"","ping_status":"","sticky":false,"template":"","format":"standard","meta":{"footnotes":""},"categories":[5],"tags":[17,18,25,24,13,14,11,19,20,9,10,15,16,23,12,21,22],"class_list":{"0":"post-129814","1":"post","2":"type-post","3":"status-publish","4":"format-standard","5":"has-post-thumbnail","7":"category-titulares","8":"tag-breaking-news","9":"tag-breakingnews","10":"tag-es","11":"tag-espana","12":"tag-featured-news","13":"tag-featurednews","14":"tag-headlines","15":"tag-latest-news","16":"tag-latestnews","17":"tag-news","18":"tag-noticias","19":"tag-noticias-destacadas","20":"tag-noticiasdestacadas","21":"tag-spain","22":"tag-titulares","23":"tag-ultimas-noticias","24":"tag-ultimasnoticias"},"share_on_mastodon":{"url":"","error":""},"_links":{"self":[{"href":"https:\/\/www.europesays.com\/es\/wp-json\/wp\/v2\/posts\/129814","targetHints":{"allow":["GET"]}}],"collection":[{"href":"https:\/\/www.europesays.com\/es\/wp-json\/wp\/v2\/posts"}],"about":[{"href":"https:\/\/www.europesays.com\/es\/wp-json\/wp\/v2\/types\/post"}],"author":[{"embeddable":true,"href":"https:\/\/www.europesays.com\/es\/wp-json\/wp\/v2\/users\/2"}],"replies":[{"embeddable":true,"href":"https:\/\/www.europesays.com\/es\/wp-json\/wp\/v2\/comments?post=129814"}],"version-history":[{"count":0,"href":"https:\/\/www.europesays.com\/es\/wp-json\/wp\/v2\/posts\/129814\/revisions"}],"wp:featuredmedia":[{"embeddable":true,"href":"https:\/\/www.europesays.com\/es\/wp-json\/wp\/v2\/media\/129815"}],"wp:attachment":[{"href":"https:\/\/www.europesays.com\/es\/wp-json\/wp\/v2\/media?parent=129814"}],"wp:term":[{"taxonomy":"category","embeddable":true,"href":"https:\/\/www.europesays.com\/es\/wp-json\/wp\/v2\/categories?post=129814"},{"taxonomy":"post_tag","embeddable":true,"href":"https:\/\/www.europesays.com\/es\/wp-json\/wp\/v2\/tags?post=129814"}],"curies":[{"name":"wp","href":"https:\/\/api.w.org\/{rel}","templated":true}]}}