{"id":129818,"date":"2025-09-21T15:28:11","date_gmt":"2025-09-21T15:28:11","guid":{"rendered":"https:\/\/www.europesays.com\/es\/129818\/"},"modified":"2025-09-21T15:28:11","modified_gmt":"2025-09-21T15:28:11","slug":"fernando-adrian-abre-la-puerta-grande-de-guadalajara","status":"publish","type":"post","link":"https:\/\/www.europesays.com\/es\/129818\/","title":{"rendered":"Fernando Adri\u00e1n abre la Puerta Grande de Guadalajara"},"content":{"rendered":"<p>El diestro madrile\u00f1o Fernando Adri\u00e1n ha reaparecido este s\u00e1bado en la plaza de toros de Guadalajara, donde ha sumado un nuevo triunfo en su temporada al cortar una oreja de cada toro de su lote y salir a hombros por la Puerta Grande del coso de Las Cruces, seg\u00fan informa mundotoro.com. Su actuaci\u00f3n estuvo marcada por la entrega, el valor y el buen toreo, especialmente ante el sexto, con el que dej\u00f3 una faena de gran exposici\u00f3n y rematada con bernadinas muy ce\u00f1idas.<\/p>\n<p>Daniel Luque, por su parte, mostr\u00f3 su solvencia t\u00e9cnica ante dos toros de Alcurruc\u00e9n con nobleza pero escasa transmisi\u00f3n. Al segundo le cort\u00f3 una oreja tras una faena bien estructurada y cerrada con luquecinas. En el quinto, la falta de clase del astado rest\u00f3 eco a su labor, y el fallo con el descabello le priv\u00f3 de acompa\u00f1ar a Adri\u00e1n en la salida en hombros.<\/p>\n<p>Miguel \u00c1ngel Perera logr\u00f3 un trofeo del cuarto tras una faena de poder y buen toreo, en la que supo entender a su oponente por ambos pitones y cerrar con intensidad en los terrenos de cercan\u00edas. En su primero, de nobleza sin clase, fall\u00f3 con el descabello tras una labor de m\u00e9rito.<\/p>\n<p><b>FICHA DEL FESTEJO<\/b><\/p>\n<p>GUADALAJARA, s\u00e1bado 20 de septiembre de 2025. 3\u00aa de Feria. Tres cuartos de plaza.<\/p>\n<p>Toros de ALCURRUC\u00c9N, bien presentados pero de dispares hechuras. Conjunto manejable pero falta de raza y empuje.<\/p>\n<p><b>MIGUEL \u00c1NGEL PERERA, ovaci\u00f3n y oreja.<\/b><\/p>\n<p><b>DANIEL LUQUE, oreja y silencio tras aviso.<\/b><\/p>\n<p><b>FERNANDO ADRI\u00c1N, oreja y oreja.<\/b><\/p>\n","protected":false},"excerpt":{"rendered":"El diestro madrile\u00f1o Fernando Adri\u00e1n ha reaparecido este s\u00e1bado en la plaza de toros de Guadalajara, donde ha&hellip;\n","protected":false},"author":2,"featured_media":129819,"comment_status":"","ping_status":"","sticky":false,"template":"","format":"standard","meta":{"footnotes":""},"categories":[277],"tags":[490,2722,373,168,25,24,2421,699,439,740,23,167,374],"class_list":{"0":"post-129818","1":"post","2":"type-post","3":"status-publish","4":"format-standard","5":"has-post-thumbnail","7":"category-toreo","8":"tag-abre","9":"tag-adrian","10":"tag-bullfighting","11":"tag-deportes","12":"tag-es","13":"tag-espana","14":"tag-fernando","15":"tag-grande","16":"tag-guadalajara","17":"tag-puerta","18":"tag-spain","19":"tag-sports","20":"tag-toreo"},"share_on_mastodon":{"url":"","error":""},"_links":{"self":[{"href":"https:\/\/www.europesays.com\/es\/wp-json\/wp\/v2\/posts\/129818","targetHints":{"allow":["GET"]}}],"collection":[{"href":"https:\/\/www.europesays.com\/es\/wp-json\/wp\/v2\/posts"}],"about":[{"href":"https:\/\/www.europesays.com\/es\/wp-json\/wp\/v2\/types\/post"}],"author":[{"embeddable":true,"href":"https:\/\/www.europesays.com\/es\/wp-json\/wp\/v2\/users\/2"}],"replies":[{"embeddable":true,"href":"https:\/\/www.europesays.com\/es\/wp-json\/wp\/v2\/comments?post=129818"}],"version-history":[{"count":0,"href":"https:\/\/www.europesays.com\/es\/wp-json\/wp\/v2\/posts\/129818\/revisions"}],"wp:featuredmedia":[{"embeddable":true,"href":"https:\/\/www.europesays.com\/es\/wp-json\/wp\/v2\/media\/129819"}],"wp:attachment":[{"href":"https:\/\/www.europesays.com\/es\/wp-json\/wp\/v2\/media?parent=129818"}],"wp:term":[{"taxonomy":"category","embeddable":true,"href":"https:\/\/www.europesays.com\/es\/wp-json\/wp\/v2\/categories?post=129818"},{"taxonomy":"post_tag","embeddable":true,"href":"https:\/\/www.europesays.com\/es\/wp-json\/wp\/v2\/tags?post=129818"}],"curies":[{"name":"wp","href":"https:\/\/api.w.org\/{rel}","templated":true}]}}