{"id":129824,"date":"2025-09-21T15:35:09","date_gmt":"2025-09-21T15:35:09","guid":{"rendered":"https:\/\/www.europesays.com\/es\/129824\/"},"modified":"2025-09-21T15:35:09","modified_gmt":"2025-09-21T15:35:09","slug":"el-barca-presume-del-spotify-camp-nou-a-la-espera-del-regreso-definitivo","status":"publish","type":"post","link":"https:\/\/www.europesays.com\/es\/129824\/","title":{"rendered":"el Bar\u00e7a presume del Spotify Camp Nou a la espera del regreso definitivo"},"content":{"rendered":"<p class=\"ft-text\"><strong>El Spotify Camp Nou est\u00e1 quedando como el estadio de cinco estrellas<\/strong> para el cual se hizo el nuevo dise\u00f1o y pertinente remodelaci\u00f3n. <a class=\"ft-link ft-link--decoration\" href=\"https:\/\/www.sport.es\/es\/noticias\/barca\/barca-cerca-renovar-spotify-121665629\" rel=\"nofollow noopener\" target=\"_blank\">El FC Barcelona ha mostrado unas im\u00e1genes a las que ha tenido acceso SPORT en las que se ven los avances de las entra\u00f1as del recinto<\/a> y c\u00f3mo est\u00e1 casi todo a punto para abrir en la primera fase.<\/p>\n<p class=\"ft-text\"><strong>Los accesos y las bocas de entrada est\u00e1n ultimadas, as\u00ed como el parking<\/strong>. Las c\u00e1maras de seguridad tambi\u00e9n tienen ya su posici\u00f3n, igual que <strong>otras exigencias b\u00e1sicas como son los extintores y las tuber\u00edas.<\/strong><\/p>\n<p class=\"ft-text\">Los sistemas el\u00e9ctricos se pueden ver preparados, <strong>as\u00ed como los sistemas de distribuci\u00f3n del agua<\/strong>. Del mismo modo, los ba\u00f1os est\u00e1n terminados con sus grifos en funcionamiento.<\/p>\n<p class=\"ft-text\">En cuanto al terreno de juego, <strong>luce un verde espectacular y las sillas ya est\u00e1n colocadas con los logos de Spotify en cada uno de los goles<\/strong>, mientras que el resto dan un colorido azulgrana.<\/p>\n<p class=\"ft-text\"><strong>Los banquillos est\u00e1n instalados y los vestuarios preparados para poder recibir a los jugadores<\/strong>. Quedan, por tanto, muy pocos detalles para que el Spotify Camp Nou pueda abrir sus puertas ya que los trabajos est\u00e1n culminando con \u00e9xito,<strong> pese a las expectativas levantadas de un regreso m\u00e1s tempranero.<\/strong><\/p>\n<p class=\"ft-text\">Los medios de comunicaci\u00f3n tienen su espacio, <a class=\"ft-link ft-link--decoration\" href=\"https:\/\/www.sport.es\/es\/videos\/barca\/20250919\/palcos-vip-camp-nou-causa\/121754772.shtml\" rel=\"nofollow noopener\" target=\"_blank\">as\u00ed como las salas adjuntas para los Vips<\/a> o las destinadas para realizar reuniones o eventos con <strong>el marco incomparable del estadio en las amplias ventanas.<\/strong><\/p>\n<p class=\"ft-text\">Los aficionados culers se sentir\u00e1n muy orgullosos con su nuevo hogar en el que disfrutar\u00e1n de todo tipo de comodidades. <strong>El Spotify Camp Nou est\u00e1 quedando como un estadio moderno y adecuado a los nuevos tiempos<\/strong>. Los objetivos que la directiva de Joan Laporta se hab\u00eda propuesto para estar en la \u00e9lite mundial.<\/p>\n<p>Problemas ante la Real Sociedad<\/p>\n<p class=\"ft-text\">Pese al avance de las obras, <strong>parece dif\u00edcil que el Spotify Camp Nou pueda albergar el partido ante la Real Sociedad<\/strong>. El encuentro a\u00fan llega justo, pero el problema se agrava porque el Ayuntamiento ha comunicado que el <strong>Ol\u00edmpic no puede acoger el partido porque los accesos se cierran a las 20.00 h.<\/strong> debido al piromusical de las fiestas de la Merc\u00e8, seg\u00fan avanza el diario AS.<\/p>\n<p class=\"ft-text\">De esta manera, <strong>todo apunta a que el Bar\u00e7a deber\u00e1 jugar por tercera vez consecutiva en la Liga en el Johan Cruyff<\/strong> salvo que el Spotify Camp Noy recibiera antes el permiso de obras correspondiente, algo que parece dif\u00edcil.<\/p>\n","protected":false},"excerpt":{"rendered":"El Spotify Camp Nou est\u00e1 quedando como el estadio de cinco estrellas para el cual se hizo el&hellip;\n","protected":false},"author":2,"featured_media":129825,"comment_status":"","ping_status":"","sticky":false,"template":"","format":"standard","meta":{"footnotes":""},"categories":[268],"tags":[2296,210,168,25,24,280,282,281,23,167,9079],"class_list":{"0":"post-129824","1":"post","2":"type-post","3":"status-publish","4":"format-standard","5":"has-post-thumbnail","7":"category-futbol","8":"tag-barca","9":"tag-barcelona","10":"tag-deportes","11":"tag-es","12":"tag-espana","13":"tag-football","14":"tag-futbol","15":"tag-soccer","16":"tag-spain","17":"tag-sports","18":"tag-spotify-camp-nou"},"share_on_mastodon":{"url":"","error":""},"_links":{"self":[{"href":"https:\/\/www.europesays.com\/es\/wp-json\/wp\/v2\/posts\/129824","targetHints":{"allow":["GET"]}}],"collection":[{"href":"https:\/\/www.europesays.com\/es\/wp-json\/wp\/v2\/posts"}],"about":[{"href":"https:\/\/www.europesays.com\/es\/wp-json\/wp\/v2\/types\/post"}],"author":[{"embeddable":true,"href":"https:\/\/www.europesays.com\/es\/wp-json\/wp\/v2\/users\/2"}],"replies":[{"embeddable":true,"href":"https:\/\/www.europesays.com\/es\/wp-json\/wp\/v2\/comments?post=129824"}],"version-history":[{"count":0,"href":"https:\/\/www.europesays.com\/es\/wp-json\/wp\/v2\/posts\/129824\/revisions"}],"wp:featuredmedia":[{"embeddable":true,"href":"https:\/\/www.europesays.com\/es\/wp-json\/wp\/v2\/media\/129825"}],"wp:attachment":[{"href":"https:\/\/www.europesays.com\/es\/wp-json\/wp\/v2\/media?parent=129824"}],"wp:term":[{"taxonomy":"category","embeddable":true,"href":"https:\/\/www.europesays.com\/es\/wp-json\/wp\/v2\/categories?post=129824"},{"taxonomy":"post_tag","embeddable":true,"href":"https:\/\/www.europesays.com\/es\/wp-json\/wp\/v2\/tags?post=129824"}],"curies":[{"name":"wp","href":"https:\/\/api.w.org\/{rel}","templated":true}]}}