{"id":129844,"date":"2025-09-21T15:46:08","date_gmt":"2025-09-21T15:46:08","guid":{"rendered":"https:\/\/www.europesays.com\/es\/129844\/"},"modified":"2025-09-21T15:46:08","modified_gmt":"2025-09-21T15:46:08","slug":"escapada-canaria-desde-cordoba-binter-lanza-billetes-desde-75-euros","status":"publish","type":"post","link":"https:\/\/www.europesays.com\/es\/129844\/","title":{"rendered":"\u00a1Escapada canaria desde C\u00f3rdoba! Binter lanza billetes desde 75 euros"},"content":{"rendered":"<p>20\/09\/2025<br \/>\n<br \/><strong><br \/>\nActualizado 21\/09\/2025 a las 08:58h.<br \/>\n<\/strong><\/p>\n<p class=\"voc-p\" style=\"\">Binter ha lanzado una nueva promoci\u00f3n que permite adquirir, hasta el 29 de septiembre, billetes a <strong>precios reducidos<\/strong> para viajar en &#8216;modo canario&#8217; entre C\u00f3rdoba y Canarias del 1 de noviembre al 28 de febrero de 2026.<\/p>\n<p class=\"voc-p\" style=\"\">A trav\u00e9s de esta iniciativa se pueden adquirir billetes desde 75 euros el trayecto, cuando el pasajero compra ida y vuelta, para volar con el servicio diferencial de Binter hasta cualquier <strong>aeropuerto de Canarias<\/strong>, haciendo escala en Gran Canaria o Tenerife.<\/p>\n<p class=\"voc-p\" style=\"\">Los pasajeros de estos vuelos disfrutar\u00e1n de las ventajas diferenciales que ofrece la aerol\u00ednea canaria: el<a href=\"https:\/\/www.abc.es\/espana\/andalucia\/cordoba\/vuelos-baratos-cordoba-canarias-binter-lanza-nueva-20250701164144-nts.html\" target=\"_self\" data-voc-vtm-id=\"in-text-traffic\" title=\" confort de sus aviones\" data-mrf-link=\"www.abc.es\" rel=\"nofollow noopener\"> confort de sus aviones<\/a> Embraer E195-E2 -el reactor de pasillo \u00fanico m\u00e1s silencioso, limpio y eficiente de su clase, con una configuraci\u00f3n que permite <strong>m\u00e1s espacio entre filas<\/strong> y la comodidad de no tener asiento de en medio-, a lo que se suma un servicio a bordo de alta gama, con amplias prestaciones para todos los pasajeros como un aperitivo gourmet de cortes\u00eda y equipaje de mano siempre a bordo, entre otras.<\/p>\n<p class=\"voc-p\" style=\"\">Binter ofrece vuelos entre C\u00f3rdoba y Canarias dos d\u00edas a la semana, los martes y s\u00e1bados, a trav\u00e9s del Aeropuerto de Gran Canaria.<\/p>\n<p class=\"voc-p\" style=\"\">Adem\u00e1s, la aerol\u00ednea mantiene en esta ruta una de sus caracter\u00edsticas diferenciales, que permite a sus <a href=\"https:\/\/www.abc.es\/espana\/andalucia\/cordoba\/vuelos-baratos-cordoba-canarias-binter-lanza-nueva-20250701164144-nts.html\" target=\"_self\" data-voc-vtm-id=\"in-text-traffic\" title=\"pasajeros\" data-mrf-link=\"www.abc.es\" rel=\"nofollow noopener\">pasajeros<\/a> llegar por el mismo precio a cualquiera de las<strong> islas canarias<\/strong> al ofrecer gratis los vuelos en conexi\u00f3n, aprovechando los 220 trayectos interinsulares diarios que la aerol\u00ednea realiza en el Archipi\u00e9lago.<\/p>\n<p class=\"voc-p\" style=\"\">Las personas que deseen aprovechar esta promoci\u00f3n pueden adquirir los billetes a trav\u00e9s de los distintos canales de venta de la compa\u00f1\u00eda: binter.com, la app de <a href=\"https:\/\/www.abc.es\/espana\/andalucia\/cordoba\/binter-dispara-pasajeros-aeropuerto-cordoba-mayo-6000-20250612143238-nts.html\" target=\"_self\" data-voc-vtm-id=\"in-text-traffic\" title=\"Binter\" data-mrf-link=\"www.abc.es\" rel=\"nofollow noopener\">Binter<\/a>, el tel\u00e9fono 922\/928 32 77 00 y las agencias de viajes, donde podr\u00e1n consultarse las condiciones y precios de los distintos destinos.<\/p>\n<p>Reportar un error<\/p>\n","protected":false},"excerpt":{"rendered":"20\/09\/2025 Actualizado 21\/09\/2025 a las 08:58h. Binter ha lanzado una nueva promoci\u00f3n que permite adquirir, hasta el 29&hellip;\n","protected":false},"author":2,"featured_media":129845,"comment_status":"","ping_status":"","sticky":false,"template":"","format":"standard","meta":{"footnotes":""},"categories":[80],"tags":[7159,41720,82,1896,2760,95,94,25,24,1557,2629,23,12587],"class_list":{"0":"post-129844","1":"post","2":"type-post","3":"status-publish","4":"format-standard","5":"has-post-thumbnail","7":"category-economia","8":"tag-billetes","9":"tag-binter","10":"tag-business","11":"tag-canarias","12":"tag-cordoba","13":"tag-economia","14":"tag-economy","15":"tag-es","16":"tag-espana","17":"tag-euros","18":"tag-lanza","19":"tag-spain","20":"tag-volar"},"share_on_mastodon":{"url":"","error":""},"_links":{"self":[{"href":"https:\/\/www.europesays.com\/es\/wp-json\/wp\/v2\/posts\/129844","targetHints":{"allow":["GET"]}}],"collection":[{"href":"https:\/\/www.europesays.com\/es\/wp-json\/wp\/v2\/posts"}],"about":[{"href":"https:\/\/www.europesays.com\/es\/wp-json\/wp\/v2\/types\/post"}],"author":[{"embeddable":true,"href":"https:\/\/www.europesays.com\/es\/wp-json\/wp\/v2\/users\/2"}],"replies":[{"embeddable":true,"href":"https:\/\/www.europesays.com\/es\/wp-json\/wp\/v2\/comments?post=129844"}],"version-history":[{"count":0,"href":"https:\/\/www.europesays.com\/es\/wp-json\/wp\/v2\/posts\/129844\/revisions"}],"wp:featuredmedia":[{"embeddable":true,"href":"https:\/\/www.europesays.com\/es\/wp-json\/wp\/v2\/media\/129845"}],"wp:attachment":[{"href":"https:\/\/www.europesays.com\/es\/wp-json\/wp\/v2\/media?parent=129844"}],"wp:term":[{"taxonomy":"category","embeddable":true,"href":"https:\/\/www.europesays.com\/es\/wp-json\/wp\/v2\/categories?post=129844"},{"taxonomy":"post_tag","embeddable":true,"href":"https:\/\/www.europesays.com\/es\/wp-json\/wp\/v2\/tags?post=129844"}],"curies":[{"name":"wp","href":"https:\/\/api.w.org\/{rel}","templated":true}]}}