{"id":129856,"date":"2025-09-21T15:55:07","date_gmt":"2025-09-21T15:55:07","guid":{"rendered":"https:\/\/www.europesays.com\/es\/129856\/"},"modified":"2025-09-21T15:55:07","modified_gmt":"2025-09-21T15:55:07","slug":"evenepoel-entra-en-el-olimpo-de-la-contrarreloj-con-su-tercer-arcoiris-seguido","status":"publish","type":"post","link":"https:\/\/www.europesays.com\/es\/129856\/","title":{"rendered":"Evenepoel entra en el Olimpo de la contrarreloj con su tercer arco\u00edris seguido"},"content":{"rendered":"<p class=\"\">La actuaci\u00f3n de <b>Miguel Indurain en la contrarreloj de Luxemburgo del Tour de Francia<\/b> 1992 est\u00e1 considerada, casi de forma un\u00e1nime, como la m\u00e1s impresionante de la historia del ciclismo. Algo inimaginable de igualar, no digamos ya superar\u2026 Pero lo que ocurri\u00f3 este domingo, en la apertura de los <a href=\"https:\/\/as.com\/ciclismo\/mas_ciclismo\/contrarreloj-del-mundial-de-ciclismo-2025-recorrido-perfil-ausencias-y-favoritos-al-oro-n\/\" target=\"_self\" rel=\"nofollow noopener\" title=\"https:\/\/as.com\/ciclismo\/mas_ciclismo\/contrarreloj-del-mundial-de-ciclismo-2025-recorrido-perfil-ausencias-y-favoritos-al-oro-n\/\">primeros <b>Mundiales de ciclismo<\/b> con sede en \u00c1frica<\/a> (Ruanda), se sit\u00faa, como m\u00ednimo, muy a la par de lo visto aquel d\u00eda. La portada de \u2018E.T.\u2019, como titulaba el diario L\u2019\u00c9quipe la gesta del gigante navarro, bien podr\u00eda aplicarse a un <b>Remco Evenepoel que en Kigali consigui\u00f3 su tercer t\u00edtulo consecutivo<\/b> de campe\u00f3n del mundo de contrarreloj con un recital de otro planeta.<\/p>\n<p class=\"\">Una actuaci\u00f3n sin parang\u00f3n en su extenso repertorio de victorias en esta modalidad, de la que ya es uno de los mejores de siempre, y acerc\u00e1ndose al propio <b>Indurain, Anquetil o Cancellara,<\/b> entre otros. Son ya tres arco\u00edris consecutivos en su haber, algo que anteriormente solo hab\u00edan conseguido dos hist\u00f3ricos como <a href=\"https:\/\/as.com\/ciclismo\/mas_ciclismo\/duelo-estelar-para-abrir-el-primer-mundial-en-africa-evenepoel-vs-pogacar-n\/\" target=\"_self\" rel=\"nofollow noopener\" title=\"https:\/\/as.com\/ciclismo\/mas_ciclismo\/duelo-estelar-para-abrir-el-primer-mundial-en-africa-evenepoel-vs-pogacar-n\/\"><b>Michael Rogers (2003, 2004 y 2005) y Tony Martin (2011, 2012 y 2013).<\/b><\/a> Como buen extraterrestre, fue el \u00fanico que logr\u00f3 bajar de la barrera de 50 minutos (49:46), lo que le sirvi\u00f3 para barrer de un plumazo todos los pron\u00f3sticos, que apuntaban a un mano a mano cerrado entre \u00e9l y <b>Tadej Pogacar. No hubo guerra entre ellos<\/b> ni con nadie m\u00e1s: Remco estuvo fuera de concurso.<\/p>\n<blockquote class=\"twitter-tweet\">\n<p lang=\"es\" dir=\"ltr\">LA MAYOR VICTORIA DE REMCO. <br \/>LA PEOR DERROTA DE TADEJ.<\/p>\n<p>\u00a1Evenepoel gana su tercer mundial haciendo una de las mejores contrarrelojes de este siglo y doblando a Pogacar, que se queda sin podio por un segundo! <a href=\"https:\/\/twitter.com\/hashtag\/UCIKigali2025?src=hash&amp;ref_src=twsrc%5Etfw\" rel=\"nofollow noopener\" target=\"_blank\">#UCIKigali2025<\/a><\/p>\n<p>\ud83e\udd48\ud83e\udd49 Jay Vine e Ilan Van Wilder, plata y bronce. <a href=\"https:\/\/t.co\/4YHVsZ6GL8\" rel=\"nofollow\">pic.twitter.com\/4YHVsZ6GL8<\/a><\/p>\n<p>\u2014 Teledeporte (@teledeporte) <a href=\"https:\/\/twitter.com\/teledeporte\/status\/1969777160140517658?ref_src=twsrc%5Etfw\" rel=\"nofollow noopener\" target=\"_blank\">September 21, 2025<\/a><\/p><\/blockquote>\n<p class=\"\">Se preve\u00eda que la dureza del <a href=\"https:\/\/as.com\/ciclismo\/mas_ciclismo\/contrarreloj-del-mundial-de-ciclismo-2025-recorrido-perfil-ausencias-y-favoritos-al-oro-n\/\" target=\"_self\" rel=\"nofollow noopener\" title=\"https:\/\/as.com\/ciclismo\/mas_ciclismo\/contrarreloj-del-mundial-de-ciclismo-2025-recorrido-perfil-ausencias-y-favoritos-al-oro-n\/\">recorrido permitiese a Pogacar estrechar el cerco<\/a> con el belga, que acostumbra a ser mejor rodador, pero a la hora de la verdad todo salt\u00f3 por los aires. Evenepoel pulveriz\u00f3 los registros desde la primera toma de tiempos, donde ya se descart\u00f3 cualquier desenlace que no fuera el de su \u00e9xito: 45\u2033 a Pogi en solo 10 km. No hab\u00eda nada que hacer, y semejante diferencia presagiaba <b>lo peor para el esloveno: acabar doblado por su rival. Y as\u00ed fue. <\/b>Un duro golpe de autoridad, que ya forma parte de la hemeroteca del ciclismo, con el que Remco sentenci\u00f3 a un Pogacar que termin\u00f3 tocado moralmente despu\u00e9s de que el <b>podio se le escapase por un solo segundo respecto a Ilan van Wilder<\/b> (3\u00ba). La plata fue para un <b>Jay Vine<\/b> que por vez primera sube al podio de un Mundial en el que, m\u00e1s que nunca, fue el primero de los mortales.<\/p>\n<p class=\"\">Cables por fuera del cuadro, manillares convencionales, cascos de la d\u00e9cada de los 90, ruedas lenticulares que brillaban por su ausencia. Unas curiosas im\u00e1genes por las que se habr\u00edan llevado las manos a la cabeza los m\u00e1s puristas.<b> La otra cara del ciclismo\u2026<\/b> As\u00ed parti\u00f3 desde el pabell\u00f3n <b>BK Arena de Kigali<\/b> el primer bloque de ciclistas, formado en su mayor\u00eda por corredores locales y africanos, la estampa actual de pluralidad y globalizaci\u00f3n que promueve la UCI. El fuego real entre los 55 participantes, lleg\u00f3 con la salida de <b>Ra\u00fal Garc\u00eda Pierna, todo un campe\u00f3n de Espa\u00f1a <\/b>(2022). El recorrido (40,6 km y 750 m de desnivel), muy exigente para sus caracter\u00edsticas, reflej\u00f3 bien temprano la t\u00f3nica que seguir\u00eda la competici\u00f3n: el tramo final, con ese kil\u00f3metro empedrado en subida, ser\u00eda lo m\u00e1s decisivo. Ah\u00ed, Garc\u00eda Pierna demostr\u00f3 que al final se pod\u00eda mejorar bastante, por lo que se situ\u00f3 provisionalmente tercero, tras el belga Van Wilder y el canadiense Leonard.<\/p>\n<p class=\"\">Poco despu\u00e9s del madrile\u00f1o parti\u00f3 su compatriota <b>Iv\u00e1n Romeo, <\/b>que tambi\u00e9n fue de menos a m\u00e1s para cruzar la meta en una 6\u00aa plaza provisional que mejoraba la suya (finaliz\u00f3 18\u00ba). Sin embargo, con los miuras que estaban por salir, el vallisoletano fue para abajo en la tabla de tiempos para concluir su <b>primera participaci\u00f3n en un Mundial \u00e9lite a las puertas del top-10<\/b> (11\u00ba). Quien hizo el camino contrario fue un Isaac del Toro que perdi\u00f3 fuelle con el paso de los kil\u00f3metros, penalizado por un ritmo demasiado fuerte en los primeros kil\u00f3metros que incluso le vali\u00f3 el mejor registro en el primer intermedio. Aun as\u00ed, el mexicano acab\u00f3 <b>5\u00ba como una de las grandes sorpresas <\/b>de la jornada.<\/p>\n<p class=\"\">Entre los favoritos, Vine empez\u00f3 a mejorar los tiempos de Van Wilder, como era de esperar. Lo impensable lleg\u00f3 cuando, a mitad de recorrido, la tendencia indicaba que Pogacar podr\u00eda complicarse el podio con el belga, toda vez que Remco era completamente inalcanzable. Despu\u00e9s de que el <a href=\"https:\/\/as.com\/masdeporte\/videos\/imagen-con-mayusculas-del-sxxi-del-ciclismo-evenepoel-revienta-asi-a-pogacar-en-una-foto-historica-v\/\" target=\"_self\" rel=\"nofollow noopener\" title=\"https:\/\/as.com\/masdeporte\/videos\/imagen-con-mayusculas-del-sxxi-del-ciclismo-evenepoel-revienta-asi-a-pogacar-en-una-foto-historica-v\/\"><b>belga le doblase en la subida empedrada de Kimihurura<\/b><\/a> (y eso que Pogi intent\u00f3 cogerle rueda durante unos segundos), Pogacar lleg\u00f3 a meta con el rostro desencajado, en 4\u00ba lugar, qued\u00e1ndose a 1 solo segundo de una medalla que en el Mundial de crono todav\u00eda se le resiste (hasta ahora, 6\u00ba era su mejor resultado). La <b>celebraci\u00f3n de los 27 a\u00f1os que cumpli\u00f3 hoy<\/b> seguro que es m\u00e1s agridulce de lo que \u00e9l esperaba. El pr\u00f3ximo 28 de septiembre ser\u00e1 Evenepoel quien tenga la oportunidad de conseguir uno de los <b>r\u00e9cords m\u00e1s dif\u00edciles de este deporte: el doblete de crono y fondo en un mismo Mundial.<\/b> Eso s\u00ed, visto lo de hoy, cualquiera se atreve a descartarlo\u2026<\/p>\n<p><a title=\"Resultados Mundial de ciclismo (contrarreloj)\" href=\"\" rel=\"\">Resultados Mundial de ciclismo (contrarreloj)<\/a><\/p>\n<ul>\n<li>1\u00ba Remco Evenepoel (B\u00c9L) &#8211; 49:46<\/li>\n<li>2\u00ba Jay Vine (AUS) &#8211; a 1:14<\/li>\n<li>3\u00ba Ilan van Wilder (B\u00c9L) &#8211; 2:36<\/li>\n<li>4\u00ba Tadej Pogacar (ESL) &#8211; 2:37<\/li>\n<li>5\u00ba Isaac del Toro (M\u00c9X) &#8211; 2:40<\/li>\n<li>11\u00ba <strong>Iv\u00e1n Romeo<\/strong> &#8211; 3:52<\/li>\n<\/ul>\n<p>Reusser tiene al fin su arco\u00edrisNoticias relacionadas<\/p>\n<p class=\"\">xxx<\/p>\n<p class=\"\"><b>\u00a1Tus opiniones importan!<\/b> Comenta en los art\u00edculos y suscr\u00edbete gratis a nuestra <a href=\"https:\/\/asfan.as.com\/newsletters\/\" target=\"_blank\" rel=\"nofollow noopener\" title=\"https:\/\/asfan.as.com\/newsletters\/\">newsletter<\/a> y a las alertas informativas en la <a href=\"https:\/\/as.com\/aplicacion-de-as-n\/\" target=\"_blank\" rel=\"nofollow noopener\" title=\"https:\/\/as.com\/aplicacion-de-as-n\/\">App<\/a> o el canal de <a href=\"https:\/\/www.whatsapp.com\/channel\/0029VaAasdA7j6g745nz9M10\" target=\"_blank\" rel=\"nofollow noopener\" title=\"https:\/\/www.whatsapp.com\/channel\/0029VaAasdA7j6g745nz9M10\">WhatsApp<\/a>. \u00bfBuscas licenciar contenido? Haz clic <a href=\"https:\/\/profesional.elpais.com\/soluciones-sindicacion?utm_medium=interno&amp;utm_source=crosslinking&amp;utm_campaign=sindicacion_as_pie_articulos\" target=\"_blank\" rel=\"nofollow noopener\" title=\"https:\/\/profesional.elpais.com\/soluciones-sindicacion?utm_medium=interno&amp;utm_source=crosslinking&amp;utm_campaign=sindicacion_as_pie_articulos\">aqu\u00ed<\/a><\/p>\n<p><script async src=\"https:\/\/platform.twitter.com\/widgets.js\" charset=\"utf-8\"><\/script><\/p>\n","protected":false},"excerpt":{"rendered":"La actuaci\u00f3n de Miguel Indurain en la contrarreloj de Luxemburgo del Tour de Francia 1992 est\u00e1 considerada, casi&hellip;\n","protected":false},"author":2,"featured_media":129857,"comment_status":"","ping_status":"","sticky":false,"template":"","format":"standard","meta":{"footnotes":""},"categories":[273],"tags":[313,312,168,25,24,23,167],"class_list":{"0":"post-129856","1":"post","2":"type-post","3":"status-publish","4":"format-standard","5":"has-post-thumbnail","7":"category-ciclismo","8":"tag-ciclismo","9":"tag-cycling","10":"tag-deportes","11":"tag-es","12":"tag-espana","13":"tag-spain","14":"tag-sports"},"share_on_mastodon":{"url":"","error":""},"_links":{"self":[{"href":"https:\/\/www.europesays.com\/es\/wp-json\/wp\/v2\/posts\/129856","targetHints":{"allow":["GET"]}}],"collection":[{"href":"https:\/\/www.europesays.com\/es\/wp-json\/wp\/v2\/posts"}],"about":[{"href":"https:\/\/www.europesays.com\/es\/wp-json\/wp\/v2\/types\/post"}],"author":[{"embeddable":true,"href":"https:\/\/www.europesays.com\/es\/wp-json\/wp\/v2\/users\/2"}],"replies":[{"embeddable":true,"href":"https:\/\/www.europesays.com\/es\/wp-json\/wp\/v2\/comments?post=129856"}],"version-history":[{"count":0,"href":"https:\/\/www.europesays.com\/es\/wp-json\/wp\/v2\/posts\/129856\/revisions"}],"wp:featuredmedia":[{"embeddable":true,"href":"https:\/\/www.europesays.com\/es\/wp-json\/wp\/v2\/media\/129857"}],"wp:attachment":[{"href":"https:\/\/www.europesays.com\/es\/wp-json\/wp\/v2\/media?parent=129856"}],"wp:term":[{"taxonomy":"category","embeddable":true,"href":"https:\/\/www.europesays.com\/es\/wp-json\/wp\/v2\/categories?post=129856"},{"taxonomy":"post_tag","embeddable":true,"href":"https:\/\/www.europesays.com\/es\/wp-json\/wp\/v2\/tags?post=129856"}],"curies":[{"name":"wp","href":"https:\/\/api.w.org\/{rel}","templated":true}]}}