{"id":129858,"date":"2025-09-21T15:56:07","date_gmt":"2025-09-21T15:56:07","guid":{"rendered":"https:\/\/www.europesays.com\/es\/129858\/"},"modified":"2025-09-21T15:56:07","modified_gmt":"2025-09-21T15:56:07","slug":"primer-podio-de-carlos-sainz-en-williams-tras-un-recital-en-el-gp-de-azerbaiyan","status":"publish","type":"post","link":"https:\/\/www.europesays.com\/es\/129858\/","title":{"rendered":"Primer podio de Carlos Sainz en Williams tras un recital en el GP de Azerbaiy\u00e1n"},"content":{"rendered":"<p>Domingo, 21 de septiembre de 2025:<br \/>&#13;<br \/>\n&#8211; Carrera: P3, 51 vueltas<\/p>\n<ul>&#13;<\/p>\n<li>Carlos Sainz ha firmado su primer podio como piloto de Williams con una actuaci\u00f3n espectacular en el GP de Azerbaiy\u00e1n, donde los aficionados han reconocido su actuaci\u00f3n con el premio de Piloto del D\u00eda.<\/li>\n<p>&#13;<\/p>\n<li>El piloto de Williams ha salido segundo, con fort\u00edsimos rivales por detr\u00e1s, pero su pilotaje quir\u00fargico le ha permitido mantenerse por delante de coches m\u00e1s r\u00e1pidos y prolongar la vida del neum\u00e1tico medio hasta el final de la vuelta 27.<\/li>\n<p>&#13;<\/p>\n<li>El piloto espa\u00f1ol ha ca\u00eddo de la segunda a la tercera plaza por el \u2018overcut\u2019 estrat\u00e9gico de George Russell, pero en las vueltas restantes no ha dado su brazo a torcer para certificar el primer podio del a\u00f1o y el primero de Williams en m\u00e1s de cuatro a\u00f1os.<\/li>\n<p>&#13;<\/p>\n<li>Carlos ha sumado 15 puntos hoy, todo un punto de inflexi\u00f3n tras un buen n\u00famero de dificultades e infortunios que han condicionado sus resultados desde el comienzo de la temporada.<\/li>\n<p>&#13;\n<\/ul>\n<p><strong>DECLARACIONES:<\/strong><br \/>&#13;<br \/>\n\u201c\u00a1Terminar P3 hoy en Bak\u00fa y subir al podio es una sensaci\u00f3n genial! \u00a1Creo que ha sido una de mis mejores carreras! Hemos trabajado muy duro y pasado por altibajos importantes, pero esto hace que el esfuerzo haya merecido la pena y tenemos que sentirnos orgullosos como equipo. Estoy seguro de que esto es s\u00f3lo un anticipo de lo que est\u00e1 por venir aqu\u00ed en Williams y tenemos que seguir trabajando en esta direcci\u00f3n\u00bb.<\/p>\n<p>\u201cHoy hemos tenido el ritmo, hemos cumplido cuando hab\u00eda que hacerlo sin cometer ning\u00fan error y hemos conseguido un podio magn\u00edfico por puro m\u00e9rito propio. Gracias a todo el equipo, al que est\u00e1 aqu\u00ed y al que est\u00e1 en casa, por su esfuerzo y apoyo incansables. \u00a1Y tambi\u00e9n a todos los aficionados de Williams! \u00a1Estoy deseando que lleguen m\u00e1s cosas! \u00a1Vamos!\u00bb.<\/p>\n<p><strong>PR\u00d3XIMA ACTIVIDAD:<\/strong><br \/>&#13;<br \/>\nGP de Singapur, Marina Bay Street Circuit \u2013 3-5 de octubre de 2025<\/p>\n","protected":false},"excerpt":{"rendered":"Domingo, 21 de septiembre de 2025:&#13; &#8211; Carrera: P3, 51 vueltas &#13; Carlos Sainz ha firmado su primer&hellip;\n","protected":false},"author":2,"featured_media":129859,"comment_status":"","ping_status":"","sticky":false,"template":"","format":"standard","meta":{"footnotes":""},"categories":[270],"tags":[40182,36481,307,168,25,24,306,271,272,4152,40181,23,167,308],"class_list":{"0":"post-129858","1":"post","2":"type-post","3":"status-publish","4":"format-standard","5":"has-post-thumbnail","7":"category-formula-1","8":"tag-azerbaijan-gp","9":"tag-baku","10":"tag-carlos-sainz","11":"tag-deportes","12":"tag-es","13":"tag-espana","14":"tag-f1","15":"tag-formula-1","16":"tag-formula1","17":"tag-fw47","18":"tag-gp-azerbaiyn","19":"tag-spain","20":"tag-sports","21":"tag-williams"},"share_on_mastodon":{"url":"","error":""},"_links":{"self":[{"href":"https:\/\/www.europesays.com\/es\/wp-json\/wp\/v2\/posts\/129858","targetHints":{"allow":["GET"]}}],"collection":[{"href":"https:\/\/www.europesays.com\/es\/wp-json\/wp\/v2\/posts"}],"about":[{"href":"https:\/\/www.europesays.com\/es\/wp-json\/wp\/v2\/types\/post"}],"author":[{"embeddable":true,"href":"https:\/\/www.europesays.com\/es\/wp-json\/wp\/v2\/users\/2"}],"replies":[{"embeddable":true,"href":"https:\/\/www.europesays.com\/es\/wp-json\/wp\/v2\/comments?post=129858"}],"version-history":[{"count":0,"href":"https:\/\/www.europesays.com\/es\/wp-json\/wp\/v2\/posts\/129858\/revisions"}],"wp:featuredmedia":[{"embeddable":true,"href":"https:\/\/www.europesays.com\/es\/wp-json\/wp\/v2\/media\/129859"}],"wp:attachment":[{"href":"https:\/\/www.europesays.com\/es\/wp-json\/wp\/v2\/media?parent=129858"}],"wp:term":[{"taxonomy":"category","embeddable":true,"href":"https:\/\/www.europesays.com\/es\/wp-json\/wp\/v2\/categories?post=129858"},{"taxonomy":"post_tag","embeddable":true,"href":"https:\/\/www.europesays.com\/es\/wp-json\/wp\/v2\/tags?post=129858"}],"curies":[{"name":"wp","href":"https:\/\/api.w.org\/{rel}","templated":true}]}}