{"id":129860,"date":"2025-09-21T15:57:14","date_gmt":"2025-09-21T15:57:14","guid":{"rendered":"https:\/\/www.europesays.com\/es\/129860\/"},"modified":"2025-09-21T15:57:14","modified_gmt":"2025-09-21T15:57:14","slug":"j-2-el-proinbeni-gandia-rompe-el-ritmo-en-la-noche-de-los-finales-a-cara-o-cruz","status":"publish","type":"post","link":"https:\/\/www.europesays.com\/es\/129860\/","title":{"rendered":"J.2: El Proinbeni Gand\u00eda rompe el ritmo en la noche de los finales a cara o cruz"},"content":{"rendered":"<p>J.2: El Proinbeni Gand\u00eda rompe el ritmo en la noche de los finales a cara o cruz<\/p>\n<p>La victoria del Proinbeni Gand\u00eda por 40 puntos en su derbi ante el CEB Ll\u00edria ha llevado al conjunto de la Comunidad Valenciana a pernoctar como l\u00edder en una noche de s\u00e1bado con finales a cara o cruz en el Polideportivo Pisuerga y el Pabell\u00f3n Serrer\u00edas. Dos escenarios en los que el UEMC CBC Valladolid y el Ciudad Molina Basket lograron sus primeros triunfos del curso tras resolver a su favor dos encuentros que se hab\u00edan complicado en los minutos previos para sus intereses.<\/p>\n<p>\u00c1REA DE COMUNICACI\u00d3N FEB<\/p>\n<p>A la espera de los encuentros que cerrar\u00e1n el fin de semana a lo largo del domingo, la segunda jornada de competici\u00f3n ha acercado al Proinbeni Gand\u00eda a la clasificaci\u00f3n para las eliminatorias en una noche de s\u00e1bado marcada por la igualdad y con dos finales a cara o cruz en Valladolid y Molina del Segura.\u00a0<\/p>\n<p>FOTOS: Las mejores im\u00e1genes de la jornada, en la Galer\u00eda ScorePlay FEB<\/p>\n<p>REPORTAJE: <a href=\"https:\/\/www.feb.es\/2025\/6\/1\/baloncesto\/asi-sera-copa-espana-202526-sistema-competicion-fechas-juego-premio-deportivo-economico\/102105.aspx\" target=\"_self\" rel=\"nofollow noopener\">As\u00ed ser\u00e1 la Copa Espa\u00f1a 2025\/26<\/a><\/p>\n<p>PDF: <a href=\"https:\/\/www.feb.es\/Documentos\/Archivo\/upload\/CALENDARIOCOPAESPANA202526.pdf\" target=\"_self\" rel=\"nofollow noopener\">Calendario completo Copa Espa\u00f1a &#8211; Fase Grupos 2025\/26<\/a><\/p>\n<p>SEGUIMIENTO: <a href=\"https:\/\/baloncestoenvivo.feb.es\/resultados\/copaespaa\/73\/2025\" target=\"_self\" rel=\"nofollow noopener\">Resultados<\/a> &#8211; <a href=\"https:\/\/baloncestoenvivo.feb.es\/calendario\/copaespaa\/73\/2025\" target=\"_self\" rel=\"nofollow noopener\">Calendario<\/a><\/p>\n<p>Pernoct\u00f3 el Proinbeni UPB Gand\u00eda como l\u00edder en la noche del s\u00e1bado y lo hizo tras un encuentro en el que los jugadores de Alejandro Mesa demostraron estar preparados para todo. Porque, pese a estar apenas en su tercera semana de trabajo, el equipo ofreci\u00f3 una gran versi\u00f3n defensiva con la que crecer desde el rebote desactivando as\u00ed las fortalezas del CEB Ll\u00edria. Un derbi que comenz\u00f3 a tomar color local tras un serio primer periodo y que se rompi\u00f3 por completo tras el paso por vestuarios ante el gran trabajo de la segunda unidad local liderada por un el matador Javi Soler para dejar a su equipo a las puertas de la clasificaci\u00f3n (100-60).<\/p>\n<p>Aunque si por algo destac\u00f3 la noche fue por su igualdad. Especialmente en el encuentro del Polideportivo Pisuerga donde el UEMC CBC Valladolid iba a lograr su primera victoria del curso en un final a cara o cruz. Todo ello tras 40 minutos de juego que comenzaron marcados por la lesi\u00f3n de Marc Pe\u00f1arroya tras un 3+1 y que parec\u00edan desembocar en una vibrante pr\u00f3rroga tras el triple de Sergio Romero para los bercianos. Pero la pizarra de David Barrio dio sus fritos tras entregar a Pau Iser un \u00faltimo tiro ganador sobre la bocina con el que levantar al p\u00fablico de sus asientos (84-82). Algo similar iba a suceder en Molina del Segura donde el Bueno Albacete Basket no pudo retener el +11 con el que lleg\u00f3 al descanso, cediendo terreno en el tercer periodo hasta ver c\u00f3mo el conjunto local iba recortando diferencias para llegar al \u00faltimo minuto con vida. Y ah\u00ed, los manchegos chocaron con un Miladinovic que cerr\u00f3 el aro primero con un gran tap\u00f3n con el que correr la pista para anotar la canasta ganadora a un segundo del final (73-72).<\/p>\n<p>Mucho m\u00e1s holgada, a la par que valiosa iba a resultar la victoria a domicilio de un Biele ISB que no fall\u00f3 en su visita a la pista del Castillo de Gorraiz Valle de Eg\u00fces (58-85), as\u00ed como el triunfo en el Josep Mora de un Maderas Sorl\u00ed Benicarl\u00f3 que supo anular las virtudes del Homs UE Matar\u00f3 (54-62). De este modo, se completaban los tres triunfos visitantes de una tarde en la que el CB Getafe tuvo que ponerse el mono de trabajo para poder superar a un Simeunovic en modo MVP para su Spanish B. Academy en Fuenlabrada (79-84).<\/p>\n<p>JORNADA 2: S\u00e1bado 20 de septiembre de 2025<\/p>\n<p>&#8211; Grupo A: Castillo de Gorraiz Valle de Eg\u00fces vs Biele ISB (<a href=\"https:\/\/baloncestoenvivo.feb.es\/partido\/2485260\" target=\"_self\" rel=\"nofollow noopener\">58-85<\/a>) | MVP: T. Sagna &#8211; 21 val.<\/p>\n<p>&#8211; Grupo A: LogroBasket Logi7 vs Reina Prote\u00ednas Clavijo<br \/>&#13;<br \/>\nD\u00eda: Domingo 21S | Hora: 17:30h | Pabell\u00f3n: Polideportivo Lobete (Logro\u00f1o)<\/p>\n<p>&#8211; Grupo B: Cultural y Deportiva Leonesa vs C\u00edrculo Gij\u00f3n Baloncesto<br \/>&#13;<br \/>\nD\u00eda: Domingo 21S | Hora: 18:30h | Pabell\u00f3n: Palacio Deportes (Le\u00f3n)<\/p>\n<p>&#8211; Grupo B: UEMC CBC Valladolid vs Cl\u00ednica Ponferrada SDP (<a href=\"https:\/\/baloncestoenvivo.feb.es\/partido\/2485237\" target=\"_self\" rel=\"nofollow noopener\">84-82<\/a>) | MVP: P. Isern &#8211; 29 val.<br \/>&#13;<br \/>\n<br \/>&#13;<br \/>\n&#8211; Grupo C: Coto C\u00f3rdoba vs Insolac Cajasol 87<br \/>&#13;<br \/>\nD\u00eda: Domingo 21S | Hora: 12:00h | Pabell\u00f3n: Palacio Municipal Vistalegre (C\u00f3rdoba)<br \/>&#13;<br \/>\n<br \/>&#13;<br \/>\n&#8211; Grupo C:\u00a0Ja\u00e9n Para\u00edso Interior CB vs CB Starlabs Mor\u00f3n\u00a0\u00a0<br \/>&#13;<br \/>\nD\u00eda: Domingo 21S | Hora: 12:30h | Pabell\u00f3n: Olivo Arena (Ja\u00e9n)<br \/>&#13;<br \/>\n<br \/>&#13;<br \/>\n&#8211; Grupo D: Proinbeni UPB Gand\u00eda vs CEB Ll\u00edria (<a href=\"https:\/\/baloncestoenvivo.feb.es\/partido\/2485224\" target=\"_self\" rel=\"nofollow noopener\">100-60<\/a>) | MVP: K. Greeley &#8211; 24 val.<br \/>&#13;<br \/>\n&#8211; Grupo D: Ciudad Molina Basket vs Bueno Arenas Albacete (<a href=\"https:\/\/baloncestoenvivo.feb.es\/partido\/2485225\" target=\"_self\" rel=\"nofollow noopener\">73-72<\/a>) | MVP: S. Merlo &#8211; 23 val.<\/p>\n<p>&#8211; Grupo E: Lobe Huesca La Magia vs Sol Giron\u00e8s Bisbal B\u00e0squet<br \/>&#13;<br \/>\nD\u00eda: Domingo 21S | Hora: 18:00h | Pabell\u00f3n: Palacio Deportes (Huesca)<br \/>&#13;<br \/>\n<br \/>&#13;<br \/>\n&#8211; Grupo E: CB Zaragoza vs CB Salou<br \/>&#13;<br \/>\nD\u00eda: Domingo 21S | Hora: 18:00h | Pabell\u00f3n: Siglo XXI (Zaragoza)<\/p>\n<p>&#8211; Grupo F: Amics Castell\u00f3 vs Class Sant Antoni Ibiza<br \/>&#13;<br \/>\nD\u00eda: Domingo 21S | Hora: 12:00h | Pabell\u00f3n: Ciutat (Castell\u00f3)<br \/>&#13;<br \/>\n<br \/>&#13;<br \/>\n&#8211; Grupo F: Homs UE Matar\u00f3 vs Maderas Sorl\u00ed Benicarl\u00f3 (<a href=\"https:\/\/baloncestoenvivo.feb.es\/partido\/2485219\" target=\"_self\" rel=\"nofollow noopener\">54-62<\/a>) | MVP: R. Ukawuba &#8211; 24 val.<br \/>&#13;<br \/>\n<br \/>&#13;<br \/>\n&#8211; Grupo G: C\u00e1ceres P. Humanidad vs CB Toledo\u00a0<br \/>&#13;<br \/>\nD\u00eda: Domingo 21S | Hora: 20:00h | Pabell\u00f3n: Multiusos (C\u00e1ceres)<br \/>&#13;<br \/>\n<br \/>&#13;<br \/>\n&#8211; Grupo G: Spanish Basketball Academy vs CB Getafe (<a href=\"https:\/\/baloncestoenvivo.feb.es\/partido\/2486567\" target=\"_self\" rel=\"nofollow noopener\">79-84<\/a>) | MVP: D. Simeunovic &#8211; 30 val.<\/p>\n<p>CALENDARIO DE COMPETICI\u00d3N &#8211; COPA ESPA\u00d1A:<\/p>\n<p>FASE DE GRUPOS:<br \/>&#13;<br \/>\n&#8211; Jornada 1:\u00a013-14 de septiembre de 2025<br \/>&#13;<br \/>\n&#8211; Jornada 2:\u00a020-21 de septiembre de 2025<br \/>&#13;<br \/>\n&#8211; Jornada 3:\u00a027-28 de septiembre de 2025<\/p>\n<p>ELIMINATORIAS:<br \/>&#13;<br \/>\n&#8211; Dieciseisavos de final:\u00a021-22 de octubre de 2025<br \/>&#13;<br \/>\n&#8211; Octavos de final:\u00a018-19 de noviembre de 2025<br \/>&#13;<br \/>\n&#8211; Cuartos de final:\u00a07 de enero de 2026<\/p>\n<p>FINAL FOUR:<br \/>&#13;<br \/>\n&#8211; Semifinales:\u00a023 de enero de 2026<br \/>&#13;<br \/>\n&#8211; Final:\u00a024 de enero de 2026<\/p>\n","protected":false},"excerpt":{"rendered":"J.2: El Proinbeni Gand\u00eda rompe el ritmo en la noche de los finales a cara o cruz La&hellip;\n","protected":false},"author":2,"featured_media":129861,"comment_status":"","ping_status":"","sticky":false,"template":"","format":"standard","meta":{"footnotes":""},"categories":[269],"tags":[4605,299,1918,298,4597,4613,4616,4609,4608,4610,168,4603,4606,25,24,4120,4598,4614,2713,4601,830,4599,4600,4602,4615,4617,4607,4604,23,167,4611,4612],"class_list":{"0":"post-129860","1":"post","2":"type-post","3":"status-publish","4":"format-standard","5":"has-post-thumbnail","7":"category-baloncesto","8":"tag-arbitros-baloncesto","9":"tag-baloncesto","10":"tag-basket","11":"tag-basketball","12":"tag-basquet","13":"tag-canalfeb","14":"tag-clasificacion","15":"tag-copa-princesa","16":"tag-copa-principe","17":"tag-copa-reina","18":"tag-deportes","19":"tag-eba","20":"tag-entrenadores-baloncesto","21":"tag-es","22":"tag-espana","23":"tag-estadisticas","24":"tag-federacion-baloncesto","25":"tag-jornada-virtual","26":"tag-jugadores","27":"tag-laeb-plata","28":"tag-leb-oro","29":"tag-liga-espana","30":"tag-liga-espanola-baloncesto","31":"tag-liga-femenina","32":"tag-marcadores-baloncesto","33":"tag-rankings","34":"tag-reglas-baloncesto","35":"tag-seleccion-baloncesto","36":"tag-spain","37":"tag-sports","38":"tag-supercopa","39":"tag-television-baloncesto"},"share_on_mastodon":{"url":"","error":""},"_links":{"self":[{"href":"https:\/\/www.europesays.com\/es\/wp-json\/wp\/v2\/posts\/129860","targetHints":{"allow":["GET"]}}],"collection":[{"href":"https:\/\/www.europesays.com\/es\/wp-json\/wp\/v2\/posts"}],"about":[{"href":"https:\/\/www.europesays.com\/es\/wp-json\/wp\/v2\/types\/post"}],"author":[{"embeddable":true,"href":"https:\/\/www.europesays.com\/es\/wp-json\/wp\/v2\/users\/2"}],"replies":[{"embeddable":true,"href":"https:\/\/www.europesays.com\/es\/wp-json\/wp\/v2\/comments?post=129860"}],"version-history":[{"count":0,"href":"https:\/\/www.europesays.com\/es\/wp-json\/wp\/v2\/posts\/129860\/revisions"}],"wp:featuredmedia":[{"embeddable":true,"href":"https:\/\/www.europesays.com\/es\/wp-json\/wp\/v2\/media\/129861"}],"wp:attachment":[{"href":"https:\/\/www.europesays.com\/es\/wp-json\/wp\/v2\/media?parent=129860"}],"wp:term":[{"taxonomy":"category","embeddable":true,"href":"https:\/\/www.europesays.com\/es\/wp-json\/wp\/v2\/categories?post=129860"},{"taxonomy":"post_tag","embeddable":true,"href":"https:\/\/www.europesays.com\/es\/wp-json\/wp\/v2\/tags?post=129860"}],"curies":[{"name":"wp","href":"https:\/\/api.w.org\/{rel}","templated":true}]}}