{"id":129862,"date":"2025-09-21T15:58:14","date_gmt":"2025-09-21T15:58:14","guid":{"rendered":"https:\/\/www.europesays.com\/es\/129862\/"},"modified":"2025-09-21T15:58:14","modified_gmt":"2025-09-21T15:58:14","slug":"el-insospechado-nuevo-equipo-de-benjamin-mendy","status":"publish","type":"post","link":"https:\/\/www.europesays.com\/es\/129862\/","title":{"rendered":"El insospechado nuevo equipo de Benjamin Mendy"},"content":{"rendered":"<p data-gtm-element-container=\"modulo-texto-link\" class=\"paragraph\">Han pasado ya m\u00e1s de tres a\u00f1os desde que <strong>Benjamin Mendy<\/strong>, lateral franc\u00e9s de 31 a\u00f1os, protagonizara una controvertida salida <strong>del Manchester City<\/strong>, que le apart\u00f3 en 2021 despu\u00e9s de verse envuelto en un truculento asunto de violaci\u00f3n sexual del que finalmente fue absuelto. Desde que se marchara del Etihad Stadium, la carrera del ex internacional franc\u00e9s ha dado algunos tumbos.\u00a0<\/p>\n<p data-gtm-element-container=\"modulo-texto-link\" class=\"paragraph\">Primero jug\u00f3 dos temporadas en su pa\u00eds, en el Lorient, al que lleg\u00f3 en el verano de 2023.\u00a0En mitad del segundo, y tras haber jugado quince partidos en los que marc\u00f3 dos goles y dio una asistencia, se march\u00f3 al Z\u00fcrich.\u00a0Tras cinco meses y ocho partidos con el equipo helv\u00e9tico, <a href=\"https:\/\/www.mundodeportivo.com\/futbol\/internacional\/20250725\/1002505555\/mendy-pierde-vez-fiesta-esta-nuevo-calle.html\" target=\"_blank\" rel=\"nofollow noopener\">el club rescindi\u00f3 su contrato que finalizaba a mediados de 2026 por su reprobable conducta fuera de los terrenos de juego<\/a>.\u00a0<\/p>\n<p>    Lee tambi\u00e9n<\/p>\n<p data-gtm-element-container=\"modulo-texto-link\" class=\"paragraph\">Ahora, y tras estar un mes sin equipo, ha encontrado acomodo el la liga polaca, despu\u00e9s de que hace unos d\u00edas se anunciara su fichaje por el\u00a0Pogon Szazecin, equipo con el que se ha comprometido para las dos pr\u00f3ximas campa\u00f1as.\u00a0<\/p>\n","protected":false},"excerpt":{"rendered":"Han pasado ya m\u00e1s de tres a\u00f1os desde que Benjamin Mendy, lateral franc\u00e9s de 31 a\u00f1os, protagonizara una&hellip;\n","protected":false},"author":2,"featured_media":129863,"comment_status":"","ping_status":"","sticky":false,"template":"","format":"standard","meta":{"footnotes":""},"categories":[268],"tags":[168,25,24,280,282,281,23,167],"class_list":{"0":"post-129862","1":"post","2":"type-post","3":"status-publish","4":"format-standard","5":"has-post-thumbnail","7":"category-futbol","8":"tag-deportes","9":"tag-es","10":"tag-espana","11":"tag-football","12":"tag-futbol","13":"tag-soccer","14":"tag-spain","15":"tag-sports"},"share_on_mastodon":{"url":"","error":""},"_links":{"self":[{"href":"https:\/\/www.europesays.com\/es\/wp-json\/wp\/v2\/posts\/129862","targetHints":{"allow":["GET"]}}],"collection":[{"href":"https:\/\/www.europesays.com\/es\/wp-json\/wp\/v2\/posts"}],"about":[{"href":"https:\/\/www.europesays.com\/es\/wp-json\/wp\/v2\/types\/post"}],"author":[{"embeddable":true,"href":"https:\/\/www.europesays.com\/es\/wp-json\/wp\/v2\/users\/2"}],"replies":[{"embeddable":true,"href":"https:\/\/www.europesays.com\/es\/wp-json\/wp\/v2\/comments?post=129862"}],"version-history":[{"count":0,"href":"https:\/\/www.europesays.com\/es\/wp-json\/wp\/v2\/posts\/129862\/revisions"}],"wp:featuredmedia":[{"embeddable":true,"href":"https:\/\/www.europesays.com\/es\/wp-json\/wp\/v2\/media\/129863"}],"wp:attachment":[{"href":"https:\/\/www.europesays.com\/es\/wp-json\/wp\/v2\/media?parent=129862"}],"wp:term":[{"taxonomy":"category","embeddable":true,"href":"https:\/\/www.europesays.com\/es\/wp-json\/wp\/v2\/categories?post=129862"},{"taxonomy":"post_tag","embeddable":true,"href":"https:\/\/www.europesays.com\/es\/wp-json\/wp\/v2\/tags?post=129862"}],"curies":[{"name":"wp","href":"https:\/\/api.w.org\/{rel}","templated":true}]}}