{"id":129878,"date":"2025-09-21T16:08:17","date_gmt":"2025-09-21T16:08:17","guid":{"rendered":"https:\/\/www.europesays.com\/es\/129878\/"},"modified":"2025-09-21T16:08:17","modified_gmt":"2025-09-21T16:08:17","slug":"todo-un-gamer","status":"publish","type":"post","link":"https:\/\/www.europesays.com\/es\/129878\/","title":{"rendered":"Todo un \u00abgamer\u00bb"},"content":{"rendered":"<p>\t\t\t\t\t\t\t\t\t\t\t\t<strong>21 sep 2025<\/strong> . Actualizado a las 05:00 h.\t\t\t\t\t\t<\/p>\n<p class=\"first-paragraph txt\">Apenas hab\u00edamos arrancado unas hojas del reci\u00e9n inaugurado calendario del 2025 (figuradamente la mayor\u00eda, aunque todav\u00eda quedamos algunos nost\u00e1lgicos de los de papel), cuando, despu\u00e9s de semanas de rumores, Nintendo anunciaba el lanzamiento al mercado de la Switch 2, la sucesora de<strong> la tercera consola m\u00e1s vendida de la historia<\/strong>: su hermana mayor, la Nintendo Switch. Lleg\u00f3 a las tiendas mediado el a\u00f1o. Y apenas unos d\u00edas despu\u00e9s de ese estreno largamente esperado por los millones de seguidores de los ingenios de la firma nipona, su consejero delegado, Shuntaro Furukawa (Tokio, 1972) hab\u00eda de pedir <strong>disculpas por la demora con la que el producto<\/strong> estaba llegando a las manos de esa legi\u00f3n de seguidores. El mea culpa lo enton\u00f3 ante la junta de accionistas de la compa\u00f1\u00eda. All\u00ed admiti\u00f3 haber visto superadas sus expectativas por el aluvi\u00f3n de ventas \u2014tras el primer fin de semana en los estantes ya no quedada ninguna consola en ninguna tienda del mundo\u2014, y se comprometi\u00f3 a subsanar cuanto antes ese grave problema de oferta.<\/p>\n<p class=\"txt\">Y lo ha hecho. Adem\u00e1s, el apetito sigue intacto. Las Switch 2 siguen vendi\u00e9ndose <strong>como si fueran rosquillas<\/strong> y no hace falta ser adivino para intuir que ser\u00e1n uno de los regalos estrella de esta Navidad.<\/p>\n<p class=\"txt\">As\u00ed que, por si alguien lo dudada, y no eran pocos los que lo hac\u00edan antes de que la nueva criatura de la nipona viese la luz del mercado, Nintendo conserva su toque de Midas en cuesti\u00f3n de consolas. Tanto es as\u00ed que la<strong> cotizaci\u00f3n de la compa\u00f1\u00eda<\/strong> se pasea estos d\u00edas por la zona de m\u00e1ximos hist\u00f3ricos.<\/p>\n<p class=\"txt\">Todo un \u00e9xito en el haber de Furukawa a los mandos de la compa\u00f1\u00eda, en la que desembarc\u00f3 en 1994, nada m\u00e1s graduarse en Ciencias Pol\u00edticas y Econ\u00f3micas por la Universidad de Waseda. Ten\u00eda entonces 24 a\u00f1os. Aunque no fue hasta el 2012 cuando accedi\u00f3 a su primer cargo directivo dentro de la empresa. A partir de ah\u00ed, el ascenso hasta lo m\u00e1s alto. Hasta que en el 2018 fue elegido para sustituir a Tatsumi Kimishima como primer ejecutivo de la firma, convirti\u00e9ndose en<strong> el sexto presidente en la historia de Nintendo<\/strong>. Kimishima, a su vez, fue el encargado de asir el tim\u00f3n tras la muerte en el 2015 de Satoru Iwata, el gran impulsor de la compa\u00f1\u00eda, v\u00edctima de un c\u00e1ncer a la temprana edad de 56 a\u00f1os.<\/p>\n<p class=\"txt\">Buena parte de esa escalada hasta la cumbre se la debe Furukawa al hecho de haber sido uno de los art\u00edfices del \u00e9xito de la primera Switch. Fue el que estuvo detr\u00e1s de la campa\u00f1a de m\u00e1rketing que le asfalt\u00f3 el camino hacia<strong> el Olimpo de los gamers<\/strong>. \u00c9l mismo se declara as\u00ed. Que para algo creci\u00f3 jugando con Super Mario Bros, con la Famicom. Y lo sigue haciendo con cada nuevo juego que incorporan sus criaturas. Horas le dedica este ejecutivo que se pas\u00f3 diez a\u00f1os de su carrera en Alemania y que domina el ingl\u00e9s a la perfecci\u00f3n, a los ingenios de la legendaria compa\u00f1\u00eda (acumula 136 a\u00f1os de historia) que Hiroshi Yamauchi, bisnieto del fundador del negocio de naipes germen de la multinacional, supo transformar en un gigante de los videojuegos durante el medio siglo que estuvo al frente de la firma. Pero esa, es otra historia.<\/p>\n","protected":false},"excerpt":{"rendered":"21 sep 2025 . Actualizado a las 05:00 h. Apenas hab\u00edamos arrancado unas hojas del reci\u00e9n inaugurado calendario&hellip;\n","protected":false},"author":2,"featured_media":129879,"comment_status":"","ping_status":"","sticky":false,"template":"","format":"standard","meta":{"footnotes":""},"categories":[81],"tags":[119,123,124,25,24,117,121,122,23,118,120],"class_list":{"0":"post-129878","1":"post","2":"type-post","3":"status-publish","4":"format-standard","5":"has-post-thumbnail","7":"category-ciencia-y-tecnologia","8":"tag-ciencia","9":"tag-ciencia-y-tecnologia","10":"tag-cienciaytecnologia","11":"tag-es","12":"tag-espana","13":"tag-science","14":"tag-science-and-technology","15":"tag-scienceandtechnology","16":"tag-spain","17":"tag-technology","18":"tag-tecnologia"},"share_on_mastodon":{"url":"","error":""},"_links":{"self":[{"href":"https:\/\/www.europesays.com\/es\/wp-json\/wp\/v2\/posts\/129878","targetHints":{"allow":["GET"]}}],"collection":[{"href":"https:\/\/www.europesays.com\/es\/wp-json\/wp\/v2\/posts"}],"about":[{"href":"https:\/\/www.europesays.com\/es\/wp-json\/wp\/v2\/types\/post"}],"author":[{"embeddable":true,"href":"https:\/\/www.europesays.com\/es\/wp-json\/wp\/v2\/users\/2"}],"replies":[{"embeddable":true,"href":"https:\/\/www.europesays.com\/es\/wp-json\/wp\/v2\/comments?post=129878"}],"version-history":[{"count":0,"href":"https:\/\/www.europesays.com\/es\/wp-json\/wp\/v2\/posts\/129878\/revisions"}],"wp:featuredmedia":[{"embeddable":true,"href":"https:\/\/www.europesays.com\/es\/wp-json\/wp\/v2\/media\/129879"}],"wp:attachment":[{"href":"https:\/\/www.europesays.com\/es\/wp-json\/wp\/v2\/media?parent=129878"}],"wp:term":[{"taxonomy":"category","embeddable":true,"href":"https:\/\/www.europesays.com\/es\/wp-json\/wp\/v2\/categories?post=129878"},{"taxonomy":"post_tag","embeddable":true,"href":"https:\/\/www.europesays.com\/es\/wp-json\/wp\/v2\/tags?post=129878"}],"curies":[{"name":"wp","href":"https:\/\/api.w.org\/{rel}","templated":true}]}}