{"id":129900,"date":"2025-09-21T16:21:12","date_gmt":"2025-09-21T16:21:12","guid":{"rendered":"https:\/\/www.europesays.com\/es\/129900\/"},"modified":"2025-09-21T16:21:12","modified_gmt":"2025-09-21T16:21:12","slug":"marcelino-se-deshace-en-elogios-hacia-etta-eyong","status":"publish","type":"post","link":"https:\/\/www.europesays.com\/es\/129900\/","title":{"rendered":"Marcelino se deshace en elogios hacia Etta Eyong"},"content":{"rendered":"<p>Uno de los hombres de moda -si no el que m\u00e1s- en LaLiga es Etta Eyong. El futbolista camerun\u00e9s est\u00e1 maravillando con la emoci\u00f3n y  &#8230; lo que pone la salsa a este deporte, que no es otra cosa que los goles. En su primera temporada compitiendo desde el inicio en la m\u00e1xima categor\u00eda est\u00e1 demostrando una facilidad pasmosa a la hora de anotar, adem\u00e1s con dos camisetas distintas, primero la del Villarreal y despu\u00e9s la del Levante. Por ello, <a href=\"https:\/\/www.lasprovincias.es\/levanteud\/carlos-alvarez-etta-eyong-duo-sacapuntos-levante-20250920160241-nt.html\" target=\"_self\" data-voc-vtm-id=\"in-text-traffic\" title=\"despu\u00e9s de que ayer nuevamente volviera a convertirse en uno de los h\u00e9roes de la victoria en Montilivi\" rel=\"nofollow noopener\">despu\u00e9s de que ayer nuevamente volviera a convertirse en uno de los h\u00e9roes de la victoria en Montilivi<\/a>, su entrenador hasta hace pocas semanas se deshizo en elogios hacia \u00e9l.<\/p>\n<p class=\"v-p\">Marcelino, que tambi\u00e9n conquist\u00f3 los tres puntos ante Osasuna, fue preguntado por Etta Eyong en la rueda de prensa postpartido. En su respuesta valorando sus vigentes actuaciones, no esquiv\u00f3 balones: \u00abMe alegro much\u00edsimo de todo lo bueno que le pase a ese chaval. Si hubiera sido ego\u00edsta y no respetara al m\u00e1ximo futbolista, estar\u00eda con nosotros que era lo que \u00e9l quer\u00eda. Me parece un profesional extraordinario y una persona de 20\u00bb, dijo con total sinceridad.<\/p>\n<p><a href=\"http:\/\/www.lasprovincias.es\/levanteud\/1x1-gironalevante-etta-eyong-carlos-alvarez-brillan-20250920175611-nt.html#vtm_modulosEngag=mod-rel:levanteud:noticia:1:cmp:2-not\" class=\"v-a-link\" title=\"El 1x1 del Girona-Levante: Etta Eyong y Carlos \u00c1lvarez brillan sobre el colectivo\" rel=\"nofollow noopener\" target=\"_blank\"><br \/>\n<img decoding=\"async\" loading=\"lazy\" class=\"v-a-img\" src=\"https:\/\/www.europesays.com\/es\/wp-content\/uploads\/2025\/09\/eyong-home-ki8B-U80561560358dRs-366x256@Las Provincias-LasProvincias.jpg\" alt=\"El 1x1 del Girona-Levante: Etta Eyong y Carlos \u00c1lvarez brillan sobre el colectivo\"\/><br \/>\n<\/a><\/p>\n<p><a href=\"http:\/\/www.lasprovincias.es\/levanteud\/etta-eyong-feliz-seguir-sumando-20250920170318-nt.html#vtm_modulosEngag=mod-rel:levanteud:noticia:2:cmp:2-not\" class=\"v-a-link\" title=\"El arrollador arranque de Etta Eyong: \u00abEstoy feliz de seguir sumando\u00bb\" rel=\"nofollow noopener\" target=\"_blank\"><br \/>\n<img decoding=\"async\" loading=\"lazy\" class=\"v-a-img\" src=\"https:\/\/www.europesays.com\/es\/wp-content\/uploads\/2025\/09\/eyong-U60077554181KPl-366x256@Las Provincias.jpg\" alt=\"El arrollador arranque de Etta Eyong: \u00abEstoy feliz de seguir sumando\u00bb\"\/><br \/>\n<\/a><\/p>\n<p class=\"v-p\">El t\u00e9cnico asturiano no ocultaba por otra parte que, dentro de la planificaci\u00f3n deportiva que hab\u00eda ejecutado el Villarreal, el atacante \u00abseguro que iba a disputar pocos minutos\u00bb y que en el <a href=\"https:\/\/www.lasprovincias.es\/levanteud\/\" target=\"_self\" data-voc-vtm-id=\"in-text-traffic\" title=\"Levante UD\" data-mrf-link=\"www.lasprovincias.es\" rel=\"nofollow noopener\">Levante UD<\/a> iba a gozar de muchos. Por lo manifestado anteriormente hacia su persona, Marcelino se alegraba que fuera \u00abun jugador muy relevante, porque se lo merece\u00bb.<\/p>\n<p class=\"v-p\">No obstante, tambi\u00e9n sorprendi\u00f3 un gui\u00f1o que tuvo durante ese manifiesto hacia Etta Eyong. Y es que dio a entender que en un futuro pudiera volver a Miralcamp. \u00abA lo mejor la pretemporada que viene est\u00e1 con nosotros\u00bb, pronunci\u00f3 Marcelino. Cabe recordar que el Levante cuenta con la totalidad de los derechos de Etta Eyong, ya que efectu\u00f3 un traspaso por 3 millones de euros. El Villarreal \u00fanicamente contempla la reserva de una serie de beneficios econ\u00f3micos por una futura venta y la prioridad para un derecho de tanteo sobre el jugador, si hubiesen otros clubes interesados.<\/p>\n","protected":false},"excerpt":{"rendered":"Uno de los hombres de moda -si no el que m\u00e1s- en LaLiga es Etta Eyong. El futbolista&hellip;\n","protected":false},"author":2,"featured_media":129901,"comment_status":"","ping_status":"","sticky":false,"template":"","format":"standard","meta":{"footnotes":""},"categories":[268],"tags":[168,14604,8184,25,24,28170,41732,280,282,25509,281,23,167],"class_list":{"0":"post-129900","1":"post","2":"type-post","3":"status-publish","4":"format-standard","5":"has-post-thumbnail","7":"category-futbol","8":"tag-deportes","9":"tag-deshace","10":"tag-elogios","11":"tag-es","12":"tag-espana","13":"tag-etta","14":"tag-eyong","15":"tag-football","16":"tag-futbol","17":"tag-marcelino","18":"tag-soccer","19":"tag-spain","20":"tag-sports"},"share_on_mastodon":{"url":"","error":""},"_links":{"self":[{"href":"https:\/\/www.europesays.com\/es\/wp-json\/wp\/v2\/posts\/129900","targetHints":{"allow":["GET"]}}],"collection":[{"href":"https:\/\/www.europesays.com\/es\/wp-json\/wp\/v2\/posts"}],"about":[{"href":"https:\/\/www.europesays.com\/es\/wp-json\/wp\/v2\/types\/post"}],"author":[{"embeddable":true,"href":"https:\/\/www.europesays.com\/es\/wp-json\/wp\/v2\/users\/2"}],"replies":[{"embeddable":true,"href":"https:\/\/www.europesays.com\/es\/wp-json\/wp\/v2\/comments?post=129900"}],"version-history":[{"count":0,"href":"https:\/\/www.europesays.com\/es\/wp-json\/wp\/v2\/posts\/129900\/revisions"}],"wp:featuredmedia":[{"embeddable":true,"href":"https:\/\/www.europesays.com\/es\/wp-json\/wp\/v2\/media\/129901"}],"wp:attachment":[{"href":"https:\/\/www.europesays.com\/es\/wp-json\/wp\/v2\/media?parent=129900"}],"wp:term":[{"taxonomy":"category","embeddable":true,"href":"https:\/\/www.europesays.com\/es\/wp-json\/wp\/v2\/categories?post=129900"},{"taxonomy":"post_tag","embeddable":true,"href":"https:\/\/www.europesays.com\/es\/wp-json\/wp\/v2\/tags?post=129900"}],"curies":[{"name":"wp","href":"https:\/\/api.w.org\/{rel}","templated":true}]}}