{"id":129902,"date":"2025-09-21T16:22:12","date_gmt":"2025-09-21T16:22:12","guid":{"rendered":"https:\/\/www.europesays.com\/es\/129902\/"},"modified":"2025-09-21T16:22:12","modified_gmt":"2025-09-21T16:22:12","slug":"esta-en-una-situacion-bastante-critica","status":"publish","type":"post","link":"https:\/\/www.europesays.com\/es\/129902\/","title":{"rendered":"Est\u00e1 en una situaci\u00f3n bastante cr\u00edtica"},"content":{"rendered":"<p id=\"eEPwDnHg7N\" data-wc=\"76\">Rafael Amargo vuelve a ocupar titulares, aunque esta vez por un motivo que nada tiene que ver con los focos del escenario ni con las \u00faltimas pol\u00e9micas, relacionadas con <a class=\"hm-link ho-link\" href=\"https:\/\/www.hola.com\/actualidad\/20211227201980\/rafael-amargo-prision-fiscalia\/\" data-mrf-recirculation=\"article-body-link\" rel=\"nofollow noopener\" target=\"_blank\">sus problemas con la justicia,<\/a> que han marcado su trayectoria en los \u00faltimos a\u00f1os. El bailaor granadino, de 50 a\u00f1os, se encuentra ingresado de urgencia en un hospital<strong>\u00a0tras sufrir una infecci\u00f3n en el colon<\/strong> que ha hecho saltar todas las alarmas en su entorno m\u00e1s cercano.<\/p>\n<p> <img src=\"https:\/\/www.europesays.com\/es\/wp-content\/uploads\/2025\/09\/193df48fe324-270cedb15384-rafael-amargo-t.jpg\"   width=\"1024\" height=\"576\" loading=\"lazy\" decoding=\"async\" alt=\"Media Image\" fetchpriority=\"auto\" class=\"image ho-image\"\/>\u00a9 Europa Press<\/p>\n<p id=\"epj_tWs2qY6\" data-wc=\"102\">La noticia se conoci\u00f3 a trav\u00e9s del programa Fiesta, de Telecinco, donde su pareja, la actriz de origen argentino <strong>Luciana Bongianino<\/strong>, explic\u00f3 que Amargo <strong>comenz\u00f3 a sentirse mal hace unos d\u00edas, cuando comenz\u00f3 a tener fiebre muy alta.<\/strong> Entonces llamaron al m\u00e9dico y las asistencias sanitarias se presentaron en su domicilio para examinarle. Al no poder determinar con exactitud el origen de su malestar, recomendaron su traslado inmediato a un centro hospitalario. All\u00ed, se le realizaron diversas pruebas m\u00e9dicas que han confirmado su diagn\u00f3stico:<strong>\u00a0una infecci\u00f3n en el colon que lo mantiene bajo tratamiento intravenoso y sin poder ingerir alimentos ni l\u00edquidos.<\/strong><\/p>\n<p> <img src=\"https:\/\/www.europesays.com\/es\/wp-content\/uploads\/2025\/09\/adda43b34095-saveclipapp524707856185239060660478625355213843575696054n.jpg\"   width=\"768\" height=\"1024\" loading=\"lazy\" decoding=\"async\" alt=\"Media Image\" fetchpriority=\"auto\" class=\"image ho-image\"\/>\u00a9 luciana.bonn<\/p>\n<p id=\"eJp2isiu44k\" data-wc=\"86\"><strong>\u201cEst\u00e1 en una situaci\u00f3n bastante cr\u00edtica\u201d, asegur\u00f3 Luciana<\/strong>, en declaraciones al programa que los fines de semana presenta Emma Garc\u00eda. <strong>\u201cEst\u00e1 a base de sueros por vena porque no puede comer ni beber\u201d,\u00a0<\/strong>dijo visiblemente afectada. La actriz se\u00f1ala al estr\u00e9s como posible causa de este nuevo rev\u00e9s de salud que est\u00e1 sufriendo el artista. Al parecer, los \u00faltimos meses han sido especialmente complicados para Amargo, tanto en lo personal como en el terreno laboral, donde ha tenido problemas con los productores de su \u00faltimo espect\u00e1culo.<\/p>\n<p>A\u00f1os muy duros para el artista<\/p>\n<p id=\"eKJgSSmrXiC\" data-wc=\"68\">El ingreso hospitalario de Amargo llega en un momento especialmente delicado para el artista. En 2024 fue absuelto de los cargos por tr\u00e1fico de drogas que lo llevaron incluso a prisi\u00f3n en 2020. Tras conocer el fallo, se mostr\u00f3 satisfecho por lo que consider\u00f3 un acto de justicia, aunque no ocult\u00f3 <a class=\"hm-link ho-link\" href=\"https:\/\/www.hola.com\/actualidad\/20240514253926\/rafael-amargo-primeras-palabras-tras-absolucion-nsv\/\" data-mrf-recirculation=\"article-body-link\" rel=\"nofollow noopener\" target=\"_blank\">su amargura ante los medios<\/a> congregados a las puertas del juzgado: <strong>\u201c\u00bfQui\u00e9n me devuelve estos cuatro a\u00f1os?\u201d<\/strong><\/p>\n<p> <img src=\"https:\/\/www.europesays.com\/es\/wp-content\/uploads\/2025\/09\/3c2b2e5c0b61-dlu554227019.jpg\"   width=\"1024\" height=\"683\" loading=\"lazy\" decoding=\"async\" alt=\"Media Image\" fetchpriority=\"auto\" class=\"image ho-image\"\/>\u00a9 GTRES<\/p>\n<p id=\"ev-N5kSgfD8\" data-wc=\"104\">Entonces, el bailaor intent\u00f3 retomar su carrera con el espect\u00e1culo Majestad Flamenca,\u00a0pero no ha logrado recuperar la estabilidad ni el reconocimiento esperado. Lo que deb\u00eda ser su regreso triunfal a los escenarios se convirti\u00f3 en una aut\u00e9ntica pesadilla para el granadino, que no solo tuvo problemas con la producci\u00f3n y con los bailarines, sino que tampoco cont\u00f3 con el respaldo del p\u00fablico en las funciones. Seg\u00fan el propio Amargo, se ha sentido vapuleado y apartado de todo. <strong>\u201cEstoy marcado, no me quieren ni para un reality. En este tiempo lo he vendido todo para poder comer\u201d,<\/strong> confesaba hace unos meses en La Vanguardia.<\/p>\n<p> <img src=\"https:\/\/www.europesays.com\/es\/wp-content\/uploads\/2025\/09\/338507adf8d9-dlu567344124.jpg\"   width=\"673\" height=\"1024\" loading=\"lazy\" decoding=\"async\" alt=\"Media Image\" fetchpriority=\"auto\" class=\"image ho-image\"\/>\u00a9 GTRES<\/p>\n<p id=\"eYxjXY4eDn\" data-wc=\"67\">Luciana, su pareja, ha sido el principal apoyo de Rafael Amargo en este momento delicado. <strong>G<\/strong><strong>racias a ella se ha conocido la situaci\u00f3n de salud del bailaor,\u00a0<\/strong>que permanece en observaci\u00f3n y alejado de los escenarios. Desde su separaci\u00f3n de Yolanda Jim\u00e9nez \u2014madre de sus dos hijos\u2014 en 2009, la vida sentimental del artista ha sido un vaiv\u00e9n constante, sin estabilidad duradera hasta la llegada de Luciana.<\/p>\n<p> <img src=\"https:\/\/www.europesays.com\/es\/wp-content\/uploads\/2025\/09\/b113f0b27c88-dlu587323057.jpg\"   width=\"1024\" height=\"686\" loading=\"lazy\" decoding=\"async\" alt=\"Media Image\" fetchpriority=\"auto\" class=\"image ho-image\"\/>\u00a9 GTRES<\/p>\n<p> <img src=\"https:\/\/www.europesays.com\/es\/wp-content\/uploads\/2025\/09\/e30e5fbe370f-dlu587323058.jpg\"   width=\"813\" height=\"1024\" loading=\"lazy\" decoding=\"async\" alt=\"Media Image\" fetchpriority=\"auto\" class=\"image ho-image\"\/>\u00a9 GTRES<\/p>\n<p id=\"ejbLtwiRIhh\" data-wc=\"70\">El propio Amargo reconoc\u00eda hace un tiempo el papel fundamental que ella ha tenido en su vida reciente: \u201cBueno, Luciana\u2026 si hay un altar, es el que se merece ella, porque ha estado todos los d\u00edas, no ha faltado ni uno\u201d, declar\u00f3 emocionado. <strong>\u201cEs una persona a la que tambi\u00e9n han intentado arruinarle su carrera como actriz, que es una grand\u00edsima actriz, y espero que la gente no tenga prejuicio\u201d.<\/strong><\/p>\n<p id=\"ekEuy0Hligi\" data-wc=\"72\">A sus 50 a\u00f1os, Rafael Amargo ha vivido una carrera intensa, reconocida en escenarios de todo el mundo por su talento como bailaor y creador. Pero los \u00faltimos a\u00f1os han estado marcados por procesos judiciales, cancelaciones y dificultades econ\u00f3micas que le han pasado factura. Hoy, m\u00e1s que nunca, se aferra a su entorno m\u00e1s cercano y a la esperanza de volver a bailar, su gran pasi\u00f3n, cuando su salud se lo permita.<\/p>\n","protected":false},"excerpt":{"rendered":"Rafael Amargo vuelve a ocupar titulares, aunque esta vez por un motivo que nada tiene que ver con&hellip;\n","protected":false},"author":2,"featured_media":129903,"comment_status":"","ping_status":"","sticky":false,"template":"","format":"standard","meta":{"footnotes":""},"categories":[174],"tags":[517,255,146,147,25,24,256,41733,23],"class_list":{"0":"post-129902","1":"post","2":"type-post","3":"status-publish","4":"format-standard","5":"has-post-thumbnail","7":"category-famosos","8":"tag-actualidad","9":"tag-celebrities","10":"tag-entertainment","11":"tag-entretenimiento","12":"tag-es","13":"tag-espana","14":"tag-famosos","15":"tag-rafael-amargo","16":"tag-spain"},"share_on_mastodon":{"url":"","error":""},"_links":{"self":[{"href":"https:\/\/www.europesays.com\/es\/wp-json\/wp\/v2\/posts\/129902","targetHints":{"allow":["GET"]}}],"collection":[{"href":"https:\/\/www.europesays.com\/es\/wp-json\/wp\/v2\/posts"}],"about":[{"href":"https:\/\/www.europesays.com\/es\/wp-json\/wp\/v2\/types\/post"}],"author":[{"embeddable":true,"href":"https:\/\/www.europesays.com\/es\/wp-json\/wp\/v2\/users\/2"}],"replies":[{"embeddable":true,"href":"https:\/\/www.europesays.com\/es\/wp-json\/wp\/v2\/comments?post=129902"}],"version-history":[{"count":0,"href":"https:\/\/www.europesays.com\/es\/wp-json\/wp\/v2\/posts\/129902\/revisions"}],"wp:featuredmedia":[{"embeddable":true,"href":"https:\/\/www.europesays.com\/es\/wp-json\/wp\/v2\/media\/129903"}],"wp:attachment":[{"href":"https:\/\/www.europesays.com\/es\/wp-json\/wp\/v2\/media?parent=129902"}],"wp:term":[{"taxonomy":"category","embeddable":true,"href":"https:\/\/www.europesays.com\/es\/wp-json\/wp\/v2\/categories?post=129902"},{"taxonomy":"post_tag","embeddable":true,"href":"https:\/\/www.europesays.com\/es\/wp-json\/wp\/v2\/tags?post=129902"}],"curies":[{"name":"wp","href":"https:\/\/api.w.org\/{rel}","templated":true}]}}