{"id":129904,"date":"2025-09-21T16:23:09","date_gmt":"2025-09-21T16:23:09","guid":{"rendered":"https:\/\/www.europesays.com\/es\/129904\/"},"modified":"2025-09-21T16:23:09","modified_gmt":"2025-09-21T16:23:09","slug":"el-centro-de-fotografia-de-soria-inicia-su-coleccion-con-obras-de-chema-madoz-fontcuberta-o-ballester","status":"publish","type":"post","link":"https:\/\/www.europesays.com\/es\/129904\/","title":{"rendered":"El Centro de Fotograf\u00eda de Soria inicia su colecci\u00f3n con obras de Chema Madoz, Fontcuberta o Ballester"},"content":{"rendered":"<p class=\"paragraph\"><b>El Centro Nacional de Fotograf\u00eda de Soria<\/b> empieza a tomar cuerpo. Esta misma semana se daba el pistoletazo de salida a las obras de adaptaci\u00f3n del edificio del Banco de Espa\u00f1a y de forma paralela desde el Ministerio de Cultura se han puesto en marcha varios procedimientos para la adquisici\u00f3n de importantes obras que pasan a formar parte de la colecci\u00f3n del futuro Centro de Fotograf\u00eda. U<b>na primera tanda de compras que movilizan unos 100.000 euros<\/b> y que se materializan en una decena de im\u00e1genes de algunos de los nombres m\u00e1s importantes de la fotograf\u00eda nacional como Jo<b>s\u00e9 Manuel Ballester, Chema Madoz o Joan Fontcuberta<\/b>, todos premios nacionales de fotograf\u00eda.<\/p>\n<p>            <a href=\"#\" title=\"\"><\/p>\n<p>                    <img loading=\"lazy\" decoding=\"async\" data-index=\"\" width=\"140\" height=\"140\" alt=\"Un cami\u00f3n descargando material en la parte trasera del futuro Centro Nacional de Fotograf\u00eda.\" data-full=\"[object Object]\" data-original=\"[object Object]\" src=\"https:\/\/imagenes.heraldodiariodesoria.es\/files\/related_image\/uploads\/2025\/09\/16\/68c9aefb40207.jpeg\" data-full-src=\"https:\/\/www.europesays.com\/es\/wp-content\/uploads\/2025\/09\/1758471788_190_68c9aefb40207.jpeg\"\/><\/p>\n<p>            <\/a><\/p>\n<p class=\"paragraph\">A finales del pasado mes de julio el ministro de Cultura, E<b>rnest Urtasun<\/b>, durante una visita a Soria, ya avanz\u00f3 los planes del Ministerio para la adquisici\u00f3n de fondos para el Centro Nacional de Fotograf\u00eda. El plan ha comenzado a ejecutarse con la vista pues en los ganadores del premio nacional de fotograf\u00eda, como ya refiri\u00f3 el titular de Cultura. Urtasun explicaba que los fondos se emplear\u00e1n \u00abpara empezar a construir y adquirir material para lo que va a ser la colecci\u00f3n del futuro Centro Nacional de Fotograf\u00eda\u00bb. Se trata en este momento de <b>\u00abadquirir fondos de nuestros premios nacionales de fotograf\u00eda desde el primer premio hasta hoy y un poco m\u00e1s, tambi\u00e9n de figuras de la fotograf\u00eda emergentes en Espa\u00f1a que son importantes\u00bb.<\/b><\/p>\n<p class=\"paragraph\">El primero de los contratos activados por Cultura se emple\u00f3 en la adquisici\u00f3n de dos fotograf\u00edas de <b>Jos\u00e9 Manuel Ballester,<\/b> concretamente se trata de las instant\u00e1neas denominadas M<b>onta\u00f1as Guilin 2,  y Nocturno en Shangai<\/b>. En cuesti\u00f3n de tres meses las im\u00e1genes ya estar\u00e1n en posesi\u00f3n del ministerio de Cultura que ha cerrado el contrato por 47.724,6 euros. Ballester fue premio nacional de Fotograf\u00eda en el a\u00f1o 2010. El jurado concedi\u00f3 el premio \u00abpor su trayectoria personal, por su singular interpretaci\u00f3n del espacio arquitect\u00f3nico y la luz y una renovaci\u00f3n destacada en las t\u00e9cnicas fotogr\u00e1ficas\u00bb.<\/p>\n<p class=\"paragraph\">El segundo de los contratos cerrados por Cultura hace referencia a la adquisici\u00f3n de 10 fotograf\u00edas de<b> Joan Fontcuberta<\/b> pertenecientes a la serie <b>Herbarium<\/b>. El plazo de entrega tambi\u00e9n es de tres meses y en este caso el desembolso asciende a 25.300 euros. El fot\u00f3grafo catal\u00e1n fue designado premio nacional de Fotograf\u00eda en el a\u00f1o 1998. Entre otras distinciones, Joan Fontcuberta ha recibido la medalla David Octavious Hill, otorgada por la Fotografisches Akademie GDL en Alemania en 1988, y en 1994 fue distinguido como Chevalier de l\u2019Ordre des Arts et des Lettres por el Ministerio de Cultura en Francia, en ambos casos como reconocimiento por el conjunto de su actividad fotogr\u00e1fica.<\/p>\n<p class=\"paragraph\">El tercero de los premios nacionales que ya forma parte de la colecci\u00f3n del Centro Nacional de Fotograf\u00eda es<b> Chema Madoz<\/b>. Cultura ha cerrar la compra de una fotograf\u00eda realizada en 2012 que no lleva t\u00edtulo. En este caso el coste es de 16.650 euros. Madoz fue premio nacional de Fotograf\u00eda en el a\u00f1o 2000 \u00abpor su aportaci\u00f3n a la fotograf\u00eda de un universo personal que indaga sobre las trampas de la visi\u00f3n y plantea un pensamiento que se resuelve en la misma imagen. Todo ello dotado de una iron\u00eda y un sentido del humor, as\u00ed como de una poes\u00eda visual\u00bb.<\/p>\n<p class=\"paragraph\">Adem\u00e1s de estas im\u00e1genes desde Cultura ya se ha cerrado otro contrato para la adquisici\u00f3n de una producci\u00f3n fotogr\u00e1fica de Jo<b>rge Yeregui:<\/b> El herbario por la que pagar\u00e1 algo m\u00e1s de 13.000 euros.  Cabe recordar que los primeros fondos para el Centro Nacional de Fotograf\u00eda se compraron hace casi un a\u00f1o, en octubre de 2024. Eran tres im\u00e1genes de la galardonada Marisa Gonz\u00e1lez por 50.820 euros se trata de  Las llaves de los rascacielos, Fachada de reactor con escalera y Banco HSBC,<\/p>\n<p>            <a href=\"#\" title=\"\"><\/p>\n<p>                    <img loading=\"lazy\" decoding=\"async\" data-index=\"\" width=\"140\" height=\"140\" alt=\"Imagen titulada Las llaves de los rascacielos de la serie sobre la Central Nuclear de Lem\u00f3niz\" data-full=\"[object Object]\" data-original=\"[object Object]\" src=\"https:\/\/imagenes.heraldodiariodesoria.es\/files\/related_image\/uploads\/2024\/10\/21\/67169336a4cd2.jpeg\" data-full-src=\"https:\/\/www.europesays.com\/es\/wp-content\/uploads\/2025\/09\/67169336a4cd2.jpeg\"\/><\/p>\n<p>            <\/a><\/p>\n","protected":false},"excerpt":{"rendered":"El Centro Nacional de Fotograf\u00eda de Soria empieza a tomar cuerpo. Esta misma semana se daba el pistoletazo&hellip;\n","protected":false},"author":2,"featured_media":129905,"comment_status":"","ping_status":"","sticky":false,"template":"","format":"standard","meta":{"footnotes":""},"categories":[173],"tags":[229,233,231,230,247,232,234,146,147,25,24,251,246,41734,23],"class_list":{"0":"post-129904","1":"post","2":"type-post","3":"status-publish","4":"format-standard","5":"has-post-thumbnail","7":"category-arte-y-diseno","8":"tag-arte","9":"tag-arte-y-diseno","10":"tag-arts","11":"tag-arts-and-design","12":"tag-banco-de-espana","13":"tag-design","14":"tag-diseno","15":"tag-entertainment","16":"tag-entretenimiento","17":"tag-es","18":"tag-espana","19":"tag-ministerio-de-cultura","20":"tag-soria","21":"tag-soria-ya","22":"tag-spain"},"share_on_mastodon":{"url":"","error":""},"_links":{"self":[{"href":"https:\/\/www.europesays.com\/es\/wp-json\/wp\/v2\/posts\/129904","targetHints":{"allow":["GET"]}}],"collection":[{"href":"https:\/\/www.europesays.com\/es\/wp-json\/wp\/v2\/posts"}],"about":[{"href":"https:\/\/www.europesays.com\/es\/wp-json\/wp\/v2\/types\/post"}],"author":[{"embeddable":true,"href":"https:\/\/www.europesays.com\/es\/wp-json\/wp\/v2\/users\/2"}],"replies":[{"embeddable":true,"href":"https:\/\/www.europesays.com\/es\/wp-json\/wp\/v2\/comments?post=129904"}],"version-history":[{"count":0,"href":"https:\/\/www.europesays.com\/es\/wp-json\/wp\/v2\/posts\/129904\/revisions"}],"wp:featuredmedia":[{"embeddable":true,"href":"https:\/\/www.europesays.com\/es\/wp-json\/wp\/v2\/media\/129905"}],"wp:attachment":[{"href":"https:\/\/www.europesays.com\/es\/wp-json\/wp\/v2\/media?parent=129904"}],"wp:term":[{"taxonomy":"category","embeddable":true,"href":"https:\/\/www.europesays.com\/es\/wp-json\/wp\/v2\/categories?post=129904"},{"taxonomy":"post_tag","embeddable":true,"href":"https:\/\/www.europesays.com\/es\/wp-json\/wp\/v2\/tags?post=129904"}],"curies":[{"name":"wp","href":"https:\/\/api.w.org\/{rel}","templated":true}]}}