{"id":129906,"date":"2025-09-21T16:24:11","date_gmt":"2025-09-21T16:24:11","guid":{"rendered":"https:\/\/www.europesays.com\/es\/129906\/"},"modified":"2025-09-21T16:24:11","modified_gmt":"2025-09-21T16:24:11","slug":"ella-contaba-sus-ideas-para-la-historia-y-yo-hacia-el-esquema-en-terrachaxa","status":"publish","type":"post","link":"https:\/\/www.europesays.com\/es\/129906\/","title":{"rendered":"\u201cElla contaba sus ideas para la historia y yo hac\u00eda el esquema\u201d en TerraChaXa"},"content":{"rendered":"<p>La pontesa de nueve a\u00f1os Oriana Mateus Hern\u00e1ndez, junto a Francisco Manigrasso, debutaron en el mundo literario con \u2018M\u00e1gicos Cupcakes\u2019<\/p>\n<p><strong>\u00bfC\u00f3mo surgi\u00f3 la idea de hacer este libro?<\/strong><\/p>\n<p>Yo (Francisco) siempre ando con alg\u00fan libro debajo del brazo. Oriana, cuando me ve\u00eda leyendo en el bar de sus padres, me preguntaba de qu\u00e9 se trataba, y yo se lo explicaba. La madre me dijo un d\u00eda que a Oriana le costaba mucho ponerse a leer, y yo, en uno de los encuentros con la ni\u00f1a, le pregunt\u00e9 por qu\u00e9. Me cont\u00f3 que no encontraba nada que le interesase, as\u00ed que se me ocurri\u00f3 proponerle que escribiese su propio libro, que yo la ayudar\u00eda. As\u00ed le iba a interesar seguro. Esa idea le gust\u00f3 mucho y as\u00ed empez\u00f3 todo.<\/p>\n<p><strong>\u00bfC\u00f3mo re\u00fanen esfuerzos para hacer posible esta primera obra?<\/strong><\/p>\n<p>Qued\u00e1bamos por las tardes en el bar de los padres de Oriana. Ella contaba sus ideas para la historia y yo hac\u00eda el esquema del libro. Adem\u00e1s, la ni\u00f1a se encarg\u00f3 de hacer todos los dibujos del mismo (incluida la portada), que al final pasamos por un filtro de IA para darles m\u00e1s profesionalidad sin perder la estructura ideada por Oriana. Tarde tras tarde iba escribiendo y dando forma a la historia ideada por la ni\u00f1a y, si me quedaba sin material, le preguntaba c\u00f3mo le gustar\u00eda seguir.<\/p>\n<p><strong>\u00bfDe d\u00f3nde surgi\u00f3 la historia?<\/strong><\/p>\n<p>La totalidad de la historia surgi\u00f3 de la imaginaci\u00f3n de Oriana. Yo solo la estructur\u00e9 y la plasm\u00e9 de una forma literaria.<\/p>\n<p><strong>\u00bfQu\u00e9 nos cuenta M\u00e1gicos Cupcakes?<\/strong><\/p>\n<p>Es la historia de dos amigos que investigan una misteriosa pasteler\u00eda que elabora unos cupcakes que proporcionan poderes m\u00e1gicos. Las aventuras de estos dos personajes se alargan hasta la vejez y est\u00e1n llenas de sorpresas para el lector.<\/p>\n<p><strong>\u00bfQu\u00e9 aceptaci\u00f3n tuvo en el p\u00fablico?<\/strong><\/p>\n<p>Estamos muy contentos con la acogida. La gente se interes\u00f3 mucho por la historia y nos llama la atenci\u00f3n que tambi\u00e9n est\u00e1 gustando mucho a los lectores adultos, ya que se trata de un libro lleno de mensajes de vida que hacen reflexionar.<\/p>\n<p><strong>\u00bfC\u00f3mo fue la b\u00fasqueda de editorial?<\/strong><\/p>\n<p>Como no quer\u00edamos esperar meses por la respuesta de alguna editorial, optamos por la autopublicaci\u00f3n. La mayor\u00eda de las editoriales de autopublicaci\u00f3n requieren bastante inversi\u00f3n inicial, pero al final encontramos Bookmundo, que nos permit\u00eda la impresi\u00f3n bajo demanda y todo el proceso de registro por una inversi\u00f3n bastante menor que las otras.<\/p>\n<p><strong>\u00bfTienen pensado hacer presentaciones del libro?<\/strong><\/p>\n<p>A Oriana le gustar\u00eda hacer una presentaci\u00f3n en su colegio, pero est\u00e1 pendiente de hablar y organizar con el centro.<\/p>\n<p><strong>\u00bfYa est\u00e1n trabajando en una segunda pieza?<\/strong><\/p>\n<p>De momento no contemplamos una segunda pieza, pero ser\u00eda factible.<\/p>\n<p>FRANCISCO<\/p>\n<p><strong>\u00bfC\u00f3mo se da el salto de la m\u00fasica a la escritura?<\/strong><\/p>\n<p>Soy un lector empedernido desde muy joven. Y, al igual que hago con mi m\u00fasica, me gusta contar historias. La \u00fanica diferencia es que, en vez de usar notas y un pentagrama, en esta ocasi\u00f3n se trat\u00f3 de palabras y de una hoja en blanco.<\/p>\n<p><strong>No es de As Pontes, \u00bfc\u00f3mo eligi\u00f3 este lugar para vivir?<\/strong><\/p>\n<p>Por pura casualidad. Yo viv\u00eda en A Coru\u00f1a y buscaba un lugar m\u00e1s tranquilo para trabajar y componer. Me surgi\u00f3 una oportunidad de comprar algo en As Pontes y cuando vi el lugar, rodeado de naturaleza, me enamor\u00e9 y no lo pens\u00e9 dos veces.<\/p>\n<p><strong>Si no me equivoco, es m\u00fasico, inform\u00e1tico y escritor, \u00bfcon qu\u00e9 faceta se queda?<\/strong><\/p>\n<p>La m\u00fasica y la literatura son mis pasiones. La inform\u00e1tica es mi profesi\u00f3n, que tambi\u00e9n adoro, y es la que paga las facturas. De este modo puedo dedicarme a escribir y componer sin la presi\u00f3n de tener que publicar en una fecha espec\u00edfica o que una editorial o discogr\u00e1fica me imponga nada.<\/p>\n<p>ORIANA<\/p>\n<p><strong>\u00bfTu futuro est\u00e1 en ser escritora?<\/strong><\/p>\n<p>Me gusta crear cuentos y tener mucha imaginaci\u00f3n, pero el d\u00eda de ma\u00f1ana me gustar\u00eda ser otra cosa, como por ejemplo maestra, peluquera o trabajar en el bar de mi madre y de mi t\u00eda porque est\u00e1 al lado de mi casa.<\/p>\n<p><strong>Adem\u00e1s de escribir, \u00bfqu\u00e9 otras pasiones tienes?<\/strong><\/p>\n<p>Me gusta pintar, tocar el piano, dibujar, bailar y me gusta comer.<\/p>\n<p><strong>\u00bfC\u00f3mo van las cosas en el colegio? \u00bfTe gusta estudiar?<\/strong><\/p>\n<p>Este curso pasado me fue m\u00e1s o menos; se me hizo dif\u00edcil, pero me gusta ir igualmente. Me gusta hacer ejercicios en clase y mi maestra Berta es muy buena.<\/p>\n","protected":false},"excerpt":{"rendered":"La pontesa de nueve a\u00f1os Oriana Mateus Hern\u00e1ndez, junto a Francisco Manigrasso, debutaron en el mundo literario con&hellip;\n","protected":false},"author":2,"featured_media":129907,"comment_status":"","ping_status":"","sticky":false,"template":"","format":"standard","meta":{"footnotes":""},"categories":[172],"tags":[224,146,147,25,24,225,23],"class_list":{"0":"post-129906","1":"post","2":"type-post","3":"status-publish","4":"format-standard","5":"has-post-thumbnail","7":"category-libros","8":"tag-books","9":"tag-entertainment","10":"tag-entretenimiento","11":"tag-es","12":"tag-espana","13":"tag-libros","14":"tag-spain"},"share_on_mastodon":{"url":"","error":""},"_links":{"self":[{"href":"https:\/\/www.europesays.com\/es\/wp-json\/wp\/v2\/posts\/129906","targetHints":{"allow":["GET"]}}],"collection":[{"href":"https:\/\/www.europesays.com\/es\/wp-json\/wp\/v2\/posts"}],"about":[{"href":"https:\/\/www.europesays.com\/es\/wp-json\/wp\/v2\/types\/post"}],"author":[{"embeddable":true,"href":"https:\/\/www.europesays.com\/es\/wp-json\/wp\/v2\/users\/2"}],"replies":[{"embeddable":true,"href":"https:\/\/www.europesays.com\/es\/wp-json\/wp\/v2\/comments?post=129906"}],"version-history":[{"count":0,"href":"https:\/\/www.europesays.com\/es\/wp-json\/wp\/v2\/posts\/129906\/revisions"}],"wp:featuredmedia":[{"embeddable":true,"href":"https:\/\/www.europesays.com\/es\/wp-json\/wp\/v2\/media\/129907"}],"wp:attachment":[{"href":"https:\/\/www.europesays.com\/es\/wp-json\/wp\/v2\/media?parent=129906"}],"wp:term":[{"taxonomy":"category","embeddable":true,"href":"https:\/\/www.europesays.com\/es\/wp-json\/wp\/v2\/categories?post=129906"},{"taxonomy":"post_tag","embeddable":true,"href":"https:\/\/www.europesays.com\/es\/wp-json\/wp\/v2\/tags?post=129906"}],"curies":[{"name":"wp","href":"https:\/\/api.w.org\/{rel}","templated":true}]}}