{"id":12991,"date":"2025-07-30T02:37:03","date_gmt":"2025-07-30T02:37:03","guid":{"rendered":"https:\/\/www.europesays.com\/es\/12991\/"},"modified":"2025-07-30T02:37:03","modified_gmt":"2025-07-30T02:37:03","slug":"el-papa-a-las-universidades-catolicas-sean-itinerarios-hacia-dios","status":"publish","type":"post","link":"https:\/\/www.europesays.com\/es\/12991\/","title":{"rendered":"El Papa a las universidades cat\u00f3licas: Sean itinerarios hacia Dios"},"content":{"rendered":"<p>En su mensaje de apertura de la XXVIII Asamblea General de la Federaci\u00f3n Internacional de Universidades Cat\u00f3licas, en Guadalajara (M\u00e9xico), Le\u00f3n XIV les invita a convertirse en \u00abitinerarios de la mente hacia Dios\u00bb y Cristo-Sabidur\u00eda, \u00abla Verdad hecha Persona\u00bb seg\u00fan Santo Tom\u00e1s de Aquino. Porque para ir al encuentro de las otras escuelas del saber, \u00abno hay que alejarse de Cristo, ni relativizar su lugar \u00fanico y propio\u00bb.<\/p>\n<p>Alessandro Di Bussolo &#8211; Ciudad del Vaticano<\/p>\n<p>Las universidades cat\u00f3licas est\u00e1n llamadas a convertirse en \u00abitinerarios de la mente hacia Dios\u00bb, porque, como comprendi\u00f3 Santo Tom\u00e1s de Aquino, en \u00abCristo-Sabidur\u00eda est\u00e1, al mismo tiempo, lo m\u00e1s propio de nuestra fe y lo m\u00e1s universal de la inteligencia humana\u00bb, y precisamente por eso, la sabidur\u00eda as\u00ed entendida, \u00abes el lugar natural de encuentro y de di\u00e1logo con todas las culturas y todas las formas de pensamiento\u00bb. As\u00ed lo ha subrayado el Papa Le\u00f3n XIV en su mensaje, en espa\u00f1ol, a los participantes en la XXVIII Asamblea General de la Federaci\u00f3n Internacional de Universidades Cat\u00f3licas (Fiuc), que se ha inaugurado hoy, 28 de julio, en Guadalajara (M\u00e9xico). Acogida por la Universidad del Valle de Atemajac (Univa), se prolongar\u00e1 hasta el 1 de agosto, y celebra el centenario de la Fiuc, reflexionando sobre el tema \u00abLas universidades cat\u00f3licas, core\u00f3grafas del saber\u00bb.<\/p>\n<p>Las universidades cat\u00f3licas como \u201citinerario de la mente hacia Dios\u201d <\/p>\n<p>El Papa la califica de \u201cexpresi\u00f3n muy bella, que invita a la armon\u00eda, a la unidad, al dinamismo y a la alegr\u00eda\u201d. Pero en este contexto, prosigue, \u00abdebemos preguntarnos cu\u00e1l es la m\u00fasica que seguimos\u00bb.<\/p>\n<p>\u00abEn nuestro tiempo, quiz\u00e1 m\u00e1s que en otras \u00e9pocas, abundan los &#8216;cantos de sirena&#8217; que atraen por su novedad, popularidad o, en otras ocasiones, por la aparente seguridad que infunden. Pero, m\u00e1s all\u00e1 de tales impresiones, superficiales en s\u00ed mismas, las universidades cat\u00f3licas est\u00e1n llamadas a convertirse en: itinerarios de la mente hacia Dios\u00bb.<\/p>\n<p>\u00c9sta, recuerda Le\u00f3n XIV, es una feliz expresi\u00f3n de san Buenaventura, que nos permite realizar \u00aben nosotros la oportuna exhortaci\u00f3n de san Agust\u00edn\u00bb, quien, en sus Exposiciones sobre los Salmos, escribe que el alma humana \u00abde por s\u00ed no tiene luz\u00bb, y la ra\u00edz de la sabidur\u00eda est\u00e1 en la \u00abregi\u00f3n de la verdad inmutable: alej\u00e1ndose de esta regi\u00f3n, el alma se oscurece; acerc\u00e1ndose a ella, se ilumina\u00bb.<\/p>\n<p>El ambiente universitario y la acci\u00f3n de la Iglesia <\/p>\n<p>El ambiente universitario, con su caracter\u00edstico di\u00e1logo entre diferentes visiones del mundo, prosigue el Pont\u00edfice, \u00abno es ajeno al ser y a la acci\u00f3n de la Iglesia\u00bb. As\u00ed lo demuestra la experiencia de los primeros cristianos, \u00abya al comienzo de la evangelizaci\u00f3n\u00bb&#8230;<\/p>\n<p>\u00abPercibieron claramente que la Buena Nueva no pod\u00eda proclamarse sin aclarar hasta qu\u00e9 punto era compatible o no con otras formas de ver el mundo y otras propuestas sobre el sentido de ser humano y de vivir en sociedad\u00bb.<\/p>\n<p>El conocimiento del mundo cl\u00e1sico carec\u00eda de Cristo <\/p>\n<p>A este respecto, el Papa Le\u00f3n XIV define como importante la pregunta que San Pablo hace a los cristianos de Roma, \u00abinvit\u00e1ndoles a comparar su actual modo de vida con el que ten\u00edan antes: &#8216;Pero \u00bfqu\u00e9 fruto cosechabas entonces de las cosas de las que ahora te averg\u00fcenzas? Porque su fin es la muerte'\u00bb. El resultado de todos los razonamientos del mundo cl\u00e1sico, subraya el Papa, se resume en la palabra \u00abmuerte\u00bb. Porque les faltaba Cristo, \u00abVerbo y Sabidur\u00eda del Padre; les faltaba Aquel por quien y para quien fueron creadas todas las cosas\u00bb.<\/p>\n<p>\u00abCristo no viene como un extra\u00f1o al discurso racional, sino como una piedra angular que da sentido y armon\u00eda a todos nuestros pensamientos, anhelos y planes para mejorar la vida presente y dar finalidad y trascendencia al quehacer humano\u00bb.<\/p>\n<p>No nos alejemos de Cristo para dialogar con otras culturas <\/p>\n<p>As\u00ed, Santo Tom\u00e1s, para Le\u00f3n XIV, comprendi\u00f3 bien \u00abque en Cristo-Sabidur\u00eda est\u00e1, al mismo tiempo, lo m\u00e1s propio de nuestra fe y lo m\u00e1s universal de la inteligencia humana y, precisamente por eso, la sabidur\u00eda, as\u00ed entendida, es el lugar natural de encuentro y de di\u00e1logo con todas las culturas y todas las formas de pensamiento\u00bb. Escribe en su Comentario a las Sentencias que la sabidur\u00eda, ya sea \u00abuna capacidad intelectual o un don [de Dios], se refiere ante todo a lo divino\u00bb.<\/p>\n<p>\u00abPor lo tanto, no debemos distanciarnos de Cristo, ni relativizar su lugar \u00fanico y propio, para conversar respetuosa y fruct\u00edferamente con otras escuelas de conocimiento, antiguas y recientes\u00bb<\/p>\n<p>Cristo-Sabidur\u00eda como impulso de una nueva evangelizaci\u00f3n <\/p>\n<p>El \u00faltimo deseo del Pont\u00edfice, antes de su bendici\u00f3n, es que \u00abCristo-Sabidur\u00eda -la Verdad hecha Persona, que atrae al mundo hacia S\u00ed- sea la br\u00fajula que gu\u00ede la tarea de las instituciones universitarias que presid\u00eds, y que su conocimiento amoroso sea el impulso de una nueva evangelizaci\u00f3n en la ense\u00f1anza superior cat\u00f3lica\u00bb.<\/p>\n<p>Jornada inaugural de la Asamblea General de la Fiuc <\/p>\n<p>La ceremonia de apertura fue introducida por Isabel Capeloa Gil, Presidenta de la Fiuc, Rectora de la Universidad Cat\u00f3lica Portuguesa, el Hermano Ram\u00edrez Y\u00e1\u00f1ez, Rector de la Univa, el Cardenal Jos\u00e9 Francisco Robles Ortega, Arzobispo de Guadalajara, y el Cardenal Jos\u00e9 Tolentino de Mendonca, Prefecto del Dicasterio para la Cultura y la Educaci\u00f3n. El Arzobispo Paul R. Gallagher, Secretario para las Relaciones con los Estados y las Organizaciones Internacionales, intervino en la conferencia inaugural sobre diplomacia acad\u00e8mica. Junto a \u00e9l estar\u00e1n el Arzobispo Joseph Spiteri, Nuncio Apost\u00f3lico en M\u00e9xico, Miriam Coronel Ferrer, ex negociadora principal en el proceso de paz de Filipinas y miembro del Panel Superior de Mediaci\u00f3n de la ONU, y Fran\u00e7ois Mabille, Secretario General de la Fiuc.\u00a0<\/p>\n","protected":false},"excerpt":{"rendered":"En su mensaje de apertura de la XXVIII Asamblea General de la Federaci\u00f3n Internacional de Universidades Cat\u00f3licas, en&hellip;\n","protected":false},"author":2,"featured_media":12992,"comment_status":"","ping_status":"","sticky":false,"template":"","format":"standard","meta":{"footnotes":""},"categories":[42],"tags":[17,18,2507,13,14,11,61,62,63,64,19,20,8079,1906,9,10,15,16,400,12,21,22,65,66,67],"class_list":{"0":"post-12991","1":"post","2":"type-post","3":"status-publish","4":"format-standard","5":"has-post-thumbnail","7":"category-internacional","8":"tag-breaking-news","9":"tag-breakingnews","10":"tag-escuela-y-universidad","11":"tag-featured-news","12":"tag-featurednews","13":"tag-headlines","14":"tag-internacional","15":"tag-international","16":"tag-international-news","17":"tag-internationalnews","18":"tag-latest-news","19":"tag-latestnews","20":"tag-mensaje","21":"tag-mexico","22":"tag-news","23":"tag-noticias","24":"tag-noticias-destacadas","25":"tag-noticiasdestacadas","26":"tag-papa-leon-xiv","27":"tag-titulares","28":"tag-ultimas-noticias","29":"tag-ultimasnoticias","30":"tag-world","31":"tag-world-news","32":"tag-worldnews"},"share_on_mastodon":{"url":"","error":""},"_links":{"self":[{"href":"https:\/\/www.europesays.com\/es\/wp-json\/wp\/v2\/posts\/12991","targetHints":{"allow":["GET"]}}],"collection":[{"href":"https:\/\/www.europesays.com\/es\/wp-json\/wp\/v2\/posts"}],"about":[{"href":"https:\/\/www.europesays.com\/es\/wp-json\/wp\/v2\/types\/post"}],"author":[{"embeddable":true,"href":"https:\/\/www.europesays.com\/es\/wp-json\/wp\/v2\/users\/2"}],"replies":[{"embeddable":true,"href":"https:\/\/www.europesays.com\/es\/wp-json\/wp\/v2\/comments?post=12991"}],"version-history":[{"count":0,"href":"https:\/\/www.europesays.com\/es\/wp-json\/wp\/v2\/posts\/12991\/revisions"}],"wp:featuredmedia":[{"embeddable":true,"href":"https:\/\/www.europesays.com\/es\/wp-json\/wp\/v2\/media\/12992"}],"wp:attachment":[{"href":"https:\/\/www.europesays.com\/es\/wp-json\/wp\/v2\/media?parent=12991"}],"wp:term":[{"taxonomy":"category","embeddable":true,"href":"https:\/\/www.europesays.com\/es\/wp-json\/wp\/v2\/categories?post=12991"},{"taxonomy":"post_tag","embeddable":true,"href":"https:\/\/www.europesays.com\/es\/wp-json\/wp\/v2\/tags?post=12991"}],"curies":[{"name":"wp","href":"https:\/\/api.w.org\/{rel}","templated":true}]}}